{"id":10678,"date":"2023-03-26T23:55:00","date_gmt":"2023-03-26T23:55:00","guid":{"rendered":"https:\/\/frentubo.it\/?p=10678"},"modified":"2023-03-28T12:56:38","modified_gmt":"2023-03-28T12:56:38","slug":"takaaki-nakagami-ottiene-i-primi-punti-della-stagione-a-portimao","status":"publish","type":"post","link":"https:\/\/frentubo.it\/it\/2023\/03\/takaaki-nakagami-ottiene-i-primi-punti-della-stagione-a-portimao\/","title":{"rendered":"TAKAAKI NAKAGAMI OTTIENE I PRIMI PUNTI DELLA STAGIONE A PORTIMAO"},"content":{"rendered":"\n<p class=\"has-black-color has-white-background-color has-text-color has-background\">Il pilota del Team LCR Honda IDEMITSU Takaaki Nakagami ha concluso al 12\u00b0 posto il Gran Premio del Portogallo dopo una gara impegnativa sul circuito di Portimao.<\/p>\n\n\n\n<figure class=\"is-layout-flex wp-block-gallery-1 wp-block-gallery has-nested-images columns-default is-cropped\">\n<figure class=\"wp-block-image size-medium\"><img decoding=\"async\" loading=\"lazy\" width=\"300\" height=\"200\" data-id=\"10653\"  src=\"https:\/\/frentubo.it\/wp-content\/uploads\/2018\/07\/gp_portugal_moto_gp_nakagami_fren_tubo-1-300x200.jpg\" alt=\"\" class=\"wp-image-10653\" srcset=\"https:\/\/frentubo.it\/wp-content\/uploads\/2018\/07\/gp_portugal_moto_gp_nakagami_fren_tubo-1-300x200.jpg 300w, https:\/\/frentubo.it\/wp-content\/uploads\/2018\/07\/gp_portugal_moto_gp_nakagami_fren_tubo-1-1024x683.jpg 1024w, https:\/\/frentubo.it\/wp-content\/uploads\/2018\/07\/gp_portugal_moto_gp_nakagami_fren_tubo-1-768x512.jpg 768w, https:\/\/frentubo.it\/wp-content\/uploads\/2018\/07\/gp_portugal_moto_gp_nakagami_fren_tubo-1-1536x1024.jpg 1536w, https:\/\/frentubo.it\/wp-content\/uploads\/2018\/07\/gp_portugal_moto_gp_nakagami_fren_tubo-1-2048x1365.jpg 2048w\" sizes=\"(max-width: 300px) 100vw, 300px\" \/><\/figure>\n\n\n\n<figure class=\"wp-block-image size-medium\"><img decoding=\"async\" loading=\"lazy\" width=\"300\" height=\"200\" data-id=\"10661\"  src=\"https:\/\/frentubo.it\/wp-content\/uploads\/2018\/07\/gp_portugal_moto_gp_nakagami_fren_tubo-5-300x200.jpg\" alt=\"\" class=\"wp-image-10661\" srcset=\"https:\/\/frentubo.it\/wp-content\/uploads\/2018\/07\/gp_portugal_moto_gp_nakagami_fren_tubo-5-300x200.jpg 300w, https:\/\/frentubo.it\/wp-content\/uploads\/2018\/07\/gp_portugal_moto_gp_nakagami_fren_tubo-5-1024x683.jpg 1024w, https:\/\/frentubo.it\/wp-content\/uploads\/2018\/07\/gp_portugal_moto_gp_nakagami_fren_tubo-5-768x512.jpg 768w, https:\/\/frentubo.it\/wp-content\/uploads\/2018\/07\/gp_portugal_moto_gp_nakagami_fren_tubo-5-1536x1024.jpg 1536w, https:\/\/frentubo.it\/wp-content\/uploads\/2018\/07\/gp_portugal_moto_gp_nakagami_fren_tubo-5-2048x1365.jpg 2048w\" sizes=\"(max-width: 300px) 100vw, 300px\" \/><\/figure>\n<\/figure>\n\n\n\n<p class=\"has-black-color has-white-background-color has-text-color has-background\">Nakagami e la squadra hanno fatto un passo avanti, confermando le sue buone sensazioni sulla moto. Anche se c&#8217;\u00e8 un margine di miglioramento, c&#8217;\u00e8 stata una progressione, e inaugurare la stagione con punti solidi significa avere una motivazione in pi\u00f9 per continuare a spingere.<\/p>\n\n\n\n<figure class=\"is-layout-flex wp-block-gallery-3 wp-block-gallery has-nested-images columns-default is-cropped\">\n<figure class=\"wp-block-image size-medium\"><img decoding=\"async\" loading=\"lazy\" width=\"300\" height=\"200\" data-id=\"10667\"  src=\"https:\/\/frentubo.it\/wp-content\/uploads\/2018\/07\/gp_portugal_moto_gp_nakagami_fren_tubo-8-300x200.jpg\" alt=\"\" class=\"wp-image-10667\" srcset=\"https:\/\/frentubo.it\/wp-content\/uploads\/2018\/07\/gp_portugal_moto_gp_nakagami_fren_tubo-8-300x200.jpg 300w, https:\/\/frentubo.it\/wp-content\/uploads\/2018\/07\/gp_portugal_moto_gp_nakagami_fren_tubo-8-1024x683.jpg 1024w, https:\/\/frentubo.it\/wp-content\/uploads\/2018\/07\/gp_portugal_moto_gp_nakagami_fren_tubo-8-768x512.jpg 768w, https:\/\/frentubo.it\/wp-content\/uploads\/2018\/07\/gp_portugal_moto_gp_nakagami_fren_tubo-8-1536x1024.jpg 1536w, https:\/\/frentubo.it\/wp-content\/uploads\/2018\/07\/gp_portugal_moto_gp_nakagami_fren_tubo-8-2048x1365.jpg 2048w\" sizes=\"(max-width: 300px) 100vw, 300px\" \/><\/figure>\n\n\n\n<figure class=\"wp-block-image size-medium\"><img decoding=\"async\" loading=\"lazy\" width=\"300\" height=\"200\" data-id=\"10659\"  src=\"https:\/\/frentubo.it\/wp-content\/uploads\/2018\/07\/gp_portugal_moto_gp_nakagami_fren_tubo-4-300x200.jpg\" alt=\"\" class=\"wp-image-10659\" srcset=\"https:\/\/frentubo.it\/wp-content\/uploads\/2018\/07\/gp_portugal_moto_gp_nakagami_fren_tubo-4-300x200.jpg 300w, https:\/\/frentubo.it\/wp-content\/uploads\/2018\/07\/gp_portugal_moto_gp_nakagami_fren_tubo-4-1024x683.jpg 1024w, https:\/\/frentubo.it\/wp-content\/uploads\/2018\/07\/gp_portugal_moto_gp_nakagami_fren_tubo-4-768x512.jpg 768w, https:\/\/frentubo.it\/wp-content\/uploads\/2018\/07\/gp_portugal_moto_gp_nakagami_fren_tubo-4-1536x1024.jpg 1536w, https:\/\/frentubo.it\/wp-content\/uploads\/2018\/07\/gp_portugal_moto_gp_nakagami_fren_tubo-4-2048x1365.jpg 2048w\" sizes=\"(max-width: 300px) 100vw, 300px\" \/><\/figure>\n<\/figure>\n\n\n\n<p><\/p>\n\n\n\n<p class=\"has-white-color has-vivid-red-background-color has-text-color has-background\"><strong>Takaaki Nakagami 12<\/strong>\u00b0<\/p>\n\n\n\n<p><\/p>\n\n\n\n<p class=\"has-black-color has-text-color\"><em>\u201cSono abbastanza positivo dopo questa gara. \u00c8 stato piuttosto difficile perch\u00e9 gli avversari non ci hanno reso la vita facile e abbiamo dovuto gestire la situazione, ma nel complesso abbiamo ottenuto punti importanti e sappiamo quale strada seguire per raggiungere i concorrenti. Vediamo cosa riusciremo a fare in Argentina; non vedo l&#8217;ora di esserci\u201d.<\/em><\/p>\n\n\n\n<figure class=\"is-layout-flex wp-block-gallery-5 wp-block-gallery has-nested-images columns-default is-cropped\">\n<figure class=\"wp-block-image size-medium\"><img decoding=\"async\" loading=\"lazy\" width=\"300\" height=\"200\" data-id=\"10657\"  src=\"https:\/\/frentubo.it\/wp-content\/uploads\/2018\/07\/gp_portugal_moto_gp_nakagami_fren_tubo-3-300x200.jpg\" alt=\"\" class=\"wp-image-10657\" srcset=\"https:\/\/frentubo.it\/wp-content\/uploads\/2018\/07\/gp_portugal_moto_gp_nakagami_fren_tubo-3-300x200.jpg 300w, https:\/\/frentubo.it\/wp-content\/uploads\/2018\/07\/gp_portugal_moto_gp_nakagami_fren_tubo-3-1024x683.jpg 1024w, https:\/\/frentubo.it\/wp-content\/uploads\/2018\/07\/gp_portugal_moto_gp_nakagami_fren_tubo-3-768x512.jpg 768w, https:\/\/frentubo.it\/wp-content\/uploads\/2018\/07\/gp_portugal_moto_gp_nakagami_fren_tubo-3-1536x1024.jpg 1536w, https:\/\/frentubo.it\/wp-content\/uploads\/2018\/07\/gp_portugal_moto_gp_nakagami_fren_tubo-3-2048x1366.jpg 2048w\" sizes=\"(max-width: 300px) 100vw, 300px\" \/><\/figure>\n\n\n\n<figure class=\"wp-block-image size-medium\"><img decoding=\"async\" loading=\"lazy\" width=\"300\" height=\"200\" data-id=\"10665\"  src=\"https:\/\/frentubo.it\/wp-content\/uploads\/2018\/07\/gp_portugal_moto_gp_nakagami_fren_tubo-7-300x200.jpg\" alt=\"\" class=\"wp-image-10665\" srcset=\"https:\/\/frentubo.it\/wp-content\/uploads\/2018\/07\/gp_portugal_moto_gp_nakagami_fren_tubo-7-300x200.jpg 300w, https:\/\/frentubo.it\/wp-content\/uploads\/2018\/07\/gp_portugal_moto_gp_nakagami_fren_tubo-7-1024x683.jpg 1024w, https:\/\/frentubo.it\/wp-content\/uploads\/2018\/07\/gp_portugal_moto_gp_nakagami_fren_tubo-7-768x512.jpg 768w, https:\/\/frentubo.it\/wp-content\/uploads\/2018\/07\/gp_portugal_moto_gp_nakagami_fren_tubo-7-1536x1024.jpg 1536w, https:\/\/frentubo.it\/wp-content\/uploads\/2018\/07\/gp_portugal_moto_gp_nakagami_fren_tubo-7-2048x1365.jpg 2048w\" sizes=\"(max-width: 300px) 100vw, 300px\" \/><figcaption class=\"wp-element-caption\">TAKAAKI NAKAGAMI JPN\nLCR HONDA IDEMITSU \nHONDA \nMotoGP<\/figcaption><\/figure>\n<\/figure>\n\n\n<div class=\"wp-block-image is-style-default\">\n<figure class=\"aligncenter size-full is-resized\"><img decoding=\"async\" loading=\"lazy\" src=\"https:\/\/frentubo.it\/wp-content\/uploads\/2023\/03\/sponsor_fren_tubo_lcr_honda_moto_gp.png\" alt=\"\" class=\"wp-image-10635\" width=\"529\" height=\"342\" srcset=\"https:\/\/frentubo.it\/wp-content\/uploads\/2023\/03\/sponsor_fren_tubo_lcr_honda_moto_gp.png 648w, https:\/\/frentubo.it\/wp-content\/uploads\/2023\/03\/sponsor_fren_tubo_lcr_honda_moto_gp-300x194.png 300w\" sizes=\"(max-width: 529px) 100vw, 529px\" \/><\/figure><\/div>","protected":false},"excerpt":{"rendered":"<p>Il pilota del Team LCR Honda IDEMITSU Takaaki Nakagami ha concluso al 12\u00b0 posto il Gran Premio del Portogallo dopo una gara impegnativa sul circuito di Portimao. Nakagami e la squadra hanno fatto un passo avanti, confermando le sue buone sensazioni sulla moto. Anche se c&#8217;\u00e8 un margine di miglioramento, c&#8217;\u00e8 stata una progressione, e &hellip;<\/p>\n","protected":false},"author":1,"featured_media":10662,"comment_status":"closed","ping_status":"closed","sticky":false,"template":"","format":"standard","meta":[],"categories":[3,8,16,7],"tags":[94,87,88,92],"_links":{"self":[{"href":"https:\/\/frentubo.it\/it\/wp-json\/wp\/v2\/posts\/10678"}],"collection":[{"href":"https:\/\/frentubo.it\/it\/wp-json\/wp\/v2\/posts"}],"about":[{"href":"https:\/\/frentubo.it\/it\/wp-json\/wp\/v2\/types\/post"}],"author":[{"embeddable":true,"href":"https:\/\/frentubo.it\/it\/wp-json\/wp\/v2\/users\/1"}],"replies":[{"embeddable":true,"href":"https:\/\/frentubo.it\/it\/wp-json\/wp\/v2\/comments?post=10678"}],"version-history":[{"count":1,"href":"https:\/\/frentubo.it\/it\/wp-json\/wp\/v2\/posts\/10678\/revisions"}],"predecessor-version":[{"id":10679,"href":"https:\/\/frentubo.it\/it\/wp-json\/wp\/v2\/posts\/10678\/revisions\/10679"}],"wp:featuredmedia":[{"embeddable":true,"href":"https:\/\/frentubo.it\/it\/wp-json\/wp\/v2\/media\/10662"}],"wp:attachment":[{"href":"https:\/\/frentubo.it\/it\/wp-json\/wp\/v2\/media?parent=10678"}],"wp:term":[{"taxonomy":"category","embeddable":true,"href":"https:\/\/frentubo.it\/it\/wp-json\/wp\/v2\/categories?post=10678"},{"taxonomy":"post_tag","embeddable":true,"href":"https:\/\/frentubo.it\/it\/wp-json\/wp\/v2\/tags?post=10678"}],"curies":[{"name":"wp","href":"https:\/\/api.w.org\/{rel}","templated":true}]}}