{"id":10857,"date":"2023-11-19T12:04:00","date_gmt":"2023-11-19T12:04:00","guid":{"rendered":"https:\/\/frentubo.it\/?p=10857"},"modified":"2023-11-27T14:18:52","modified_gmt":"2023-11-27T14:18:52","slug":"gara-magistrale-per-aldeguer-che-al-qatar-gp-sigilla-la-terza-vittoria-consecutiva","status":"publish","type":"post","link":"https:\/\/frentubo.it\/it\/2023\/11\/gara-magistrale-per-aldeguer-che-al-qatar-gp-sigilla-la-terza-vittoria-consecutiva\/","title":{"rendered":"<strong>GARA MAGISTRALE PER ALDEGUER CHE AL QATAR GP SIGILLA LA TERZA VITTORIA CONSECUTIVA<\/strong>"},"content":{"rendered":"\n<p class=\"has-black-color has-text-color\">Non ci sono freni per Aldeguer che chiude il Gran Premio del Qatar firmando la terza vittoria di fila. L\u00f3pez invece taglia il traguardo in nona posizione.<\/p>\n\n\n\n<p class=\"has-black-color has-text-color\">Una gara avvincente quella a cui abbiamo assistito oggi al Lusail International Circuit. Ferm\u00edn non si \u00e8 fatto abbattere dallo sbaglio in curva 1 con cui ha perso alcune posizioni ed ha subito ingranando la marcia iniziando cos\u00ec la sua straordinaria rimonta verso la vittoria. In sella alla sua Boscoscuro, il numero 54 ha sorpassato uno dopo l\u2019altro i suoi avversari grazie ad un passo gara da paura che gli ha permesso di tagliare il traguardo per primo. Con il risultato di oggi, Aldeguer e il Beta Tools SpeedUp hanno portato a casa la terza vittoria di fila, ovvero la quarta di questa stagione.<\/p>\n\n\n\n<p class=\"has-black-color has-text-color\">Ottima la partenza di L\u00f3pez che da P10 \u00e8 balzato a P7. Anche lui proprio come il suo compagno di box ha commesso un errore alla prima curva ma, nonostante ci\u00f2, ha continuato la sua lotta alle prime posizioni. Nel corso della gara per\u00f2, il numero 21 non \u00e8 riuscito ad avanzare ulteriormente chiedendo la gara qatariota in nona posizione.<\/p>\n\n\n\n<figure class=\"wp-block-image size-large\"><img decoding=\"async\" loading=\"lazy\" width=\"1024\" height=\"683\" src=\"https:\/\/frentubo.it\/wp-content\/uploads\/2018\/07\/Speed-Up-Race-Katar-\u00a9Lekl-19.-November-2023-23-56-58-_EIN7223-1024x683.jpg\" alt=\"\" class=\"wp-image-10861\" srcset=\"https:\/\/frentubo.it\/wp-content\/uploads\/2018\/07\/Speed-Up-Race-Katar-\u00a9Lekl-19.-November-2023-23-56-58-_EIN7223-1024x683.jpg 1024w, https:\/\/frentubo.it\/wp-content\/uploads\/2018\/07\/Speed-Up-Race-Katar-\u00a9Lekl-19.-November-2023-23-56-58-_EIN7223-300x200.jpg 300w, https:\/\/frentubo.it\/wp-content\/uploads\/2018\/07\/Speed-Up-Race-Katar-\u00a9Lekl-19.-November-2023-23-56-58-_EIN7223-768x512.jpg 768w, https:\/\/frentubo.it\/wp-content\/uploads\/2018\/07\/Speed-Up-Race-Katar-\u00a9Lekl-19.-November-2023-23-56-58-_EIN7223.jpg 1200w\" sizes=\"(max-width: 1024px) 100vw, 1024px\" \/><\/figure>\n\n\n\n<p class=\"has-text-align-center has-black-color has-text-color has-large-font-size\"><strong>ALDEGUER #54<\/strong>:<strong>&nbsp;1&nbsp;\u00b0<\/strong><\/p>\n\n\n\n<p class=\"has-black-color has-text-color\">&#8220;<em>Ho fatto una buona partenza che mi ha permesso di piazzarmi subito terzo ma alla prima curva sono andato troppo lungo. Mi sono trovato molto pi\u00f9 indietro, non so in che posizione, perch\u00e9 il mio obbiettivo era lottare per il podio. Ho mantenuto un ritmo di 57\u2019 ad ogni giro perch\u00e9 la moto mi ha permesso di farlo. Me ne vado dal Qatar contento e con un\u2019altra vittoria in tasca\u201d.<\/em><\/p>\n\n\n<div class=\"wp-block-image\">\n<figure class=\"aligncenter size-full\"><img decoding=\"async\" loading=\"lazy\" width=\"600\" height=\"400\" src=\"https:\/\/frentubo.it\/wp-content\/uploads\/2018\/07\/Speed-Up-Race-Katar-\u00a9Lekl-19.-November-2023-23-56-58-7223.jpg\" alt=\"\" class=\"wp-image-10863\" srcset=\"https:\/\/frentubo.it\/wp-content\/uploads\/2018\/07\/Speed-Up-Race-Katar-\u00a9Lekl-19.-November-2023-23-56-58-7223.jpg 600w, https:\/\/frentubo.it\/wp-content\/uploads\/2018\/07\/Speed-Up-Race-Katar-\u00a9Lekl-19.-November-2023-23-56-58-7223-300x200.jpg 300w\" sizes=\"(max-width: 600px) 100vw, 600px\" \/><\/figure><\/div>","protected":false},"excerpt":{"rendered":"<p>Non ci sono freni per Aldeguer che chiude il Gran Premio del Qatar firmando la terza vittoria di fila. L\u00f3pez invece taglia il traguardo in nona posizione. Una gara avvincente quella a cui abbiamo assistito oggi al Lusail International Circuit. Ferm\u00edn non si \u00e8 fatto abbattere dallo sbaglio in curva 1 con cui ha perso &hellip;<\/p>\n","protected":false},"author":2,"featured_media":10859,"comment_status":"closed","ping_status":"closed","sticky":false,"template":"","format":"standard","meta":[],"categories":[3,8,16,7],"tags":[],"_links":{"self":[{"href":"https:\/\/frentubo.it\/it\/wp-json\/wp\/v2\/posts\/10857"}],"collection":[{"href":"https:\/\/frentubo.it\/it\/wp-json\/wp\/v2\/posts"}],"about":[{"href":"https:\/\/frentubo.it\/it\/wp-json\/wp\/v2\/types\/post"}],"author":[{"embeddable":true,"href":"https:\/\/frentubo.it\/it\/wp-json\/wp\/v2\/users\/2"}],"replies":[{"embeddable":true,"href":"https:\/\/frentubo.it\/it\/wp-json\/wp\/v2\/comments?post=10857"}],"version-history":[{"count":6,"href":"https:\/\/frentubo.it\/it\/wp-json\/wp\/v2\/posts\/10857\/revisions"}],"predecessor-version":[{"id":10870,"href":"https:\/\/frentubo.it\/it\/wp-json\/wp\/v2\/posts\/10857\/revisions\/10870"}],"wp:featuredmedia":[{"embeddable":true,"href":"https:\/\/frentubo.it\/it\/wp-json\/wp\/v2\/media\/10859"}],"wp:attachment":[{"href":"https:\/\/frentubo.it\/it\/wp-json\/wp\/v2\/media?parent=10857"}],"wp:term":[{"taxonomy":"category","embeddable":true,"href":"https:\/\/frentubo.it\/it\/wp-json\/wp\/v2\/categories?post=10857"},{"taxonomy":"post_tag","embeddable":true,"href":"https:\/\/frentubo.it\/it\/wp-json\/wp\/v2\/tags?post=10857"}],"curies":[{"name":"wp","href":"https:\/\/api.w.org\/{rel}","templated":true}]}}