{"id":13392,"date":"2025-06-29T00:09:00","date_gmt":"2025-06-29T00:09:00","guid":{"rendered":"https:\/\/frentubo.it\/?p=13392"},"modified":"2025-06-30T08:28:23","modified_gmt":"2025-06-30T08:28:23","slug":"somkiat-chantra-ottiene-il-primo-punto-in-moto-gp","status":"publish","type":"post","link":"https:\/\/frentubo.it\/it\/2025\/06\/somkiat-chantra-ottiene-il-primo-punto-in-moto-gp\/","title":{"rendered":"SOMKIAT CHANTRA OTTIENE IL PRIMO PUNTO IN MOTO GP"},"content":{"rendered":"\n<p class=\"has-black-color has-text-color\">Il pilota IDEMITSU Honda LCR Somkiat Chantra si piazza al 15\u00b0 posto nella gara di domenica ad Assen.<\/p>\n\n\n\n<p class=\"has-black-color has-text-color\">Il pilota tailandese Somkiat Chantra ha offerto una solida prestazione nella gara di domenica al TT Circuit Assen, partendo dal 22\u00b0 posto in griglia.<\/p>\n\n\n\n<figure class=\"wp-block-image size-large\"><img decoding=\"async\" loading=\"lazy\" width=\"1024\" height=\"683\" src=\"https:\/\/frentubo.it\/wp-content\/uploads\/2025\/06\/Assen_Chantra_LCR_Fren_Tubo-6-1024x683.jpg\" alt=\"\" class=\"wp-image-13395\" srcset=\"https:\/\/frentubo.it\/wp-content\/uploads\/2025\/06\/Assen_Chantra_LCR_Fren_Tubo-6-1024x683.jpg 1024w, https:\/\/frentubo.it\/wp-content\/uploads\/2025\/06\/Assen_Chantra_LCR_Fren_Tubo-6-300x200.jpg 300w, https:\/\/frentubo.it\/wp-content\/uploads\/2025\/06\/Assen_Chantra_LCR_Fren_Tubo-6-768x512.jpg 768w, https:\/\/frentubo.it\/wp-content\/uploads\/2025\/06\/Assen_Chantra_LCR_Fren_Tubo-6-1536x1024.jpg 1536w, https:\/\/frentubo.it\/wp-content\/uploads\/2025\/06\/Assen_Chantra_LCR_Fren_Tubo-6-2048x1365.jpg 2048w\" sizes=\"(max-width: 1024px) 100vw, 1024px\" \/><\/figure>\n\n\n\n<p><\/p>\n\n\n\n<p class=\"has-black-color has-text-color\">Mantenendo la concentrazione per tutta la gara, Chantra ha gestito bene il ritmo e, nelle fasi finali, ha superato un rivale per assicurarsi il 15\u00b0 posto.<\/p>\n\n\n\n<p class=\"has-black-color has-text-color\">Questa gara segna una tappa importante nella carriera di Somkiat, che ha ottenuto il suo primo punto nel campionato MotoGP dopo un periodo difficile.<\/p>\n\n\n\n<p class=\"has-black-color has-text-color\">L&#8217;intero team si congratula con Chantra per questo risultato, considerandolo un passo importante nella sua curva di apprendimento e sviluppo in MotoGP.<br><\/p>\n\n\n\n<figure class=\"is-layout-flex wp-block-gallery-1 wp-block-gallery has-nested-images columns-default is-cropped\">\n<figure class=\"wp-block-image size-large\"><img decoding=\"async\" loading=\"lazy\" width=\"1024\" height=\"683\" data-id=\"13401\"  src=\"https:\/\/frentubo.it\/wp-content\/uploads\/2025\/06\/Assen_Chantra_LCR_Fren_Tubo-2-1024x683.jpg\" alt=\"\" class=\"wp-image-13401\" srcset=\"https:\/\/frentubo.it\/wp-content\/uploads\/2025\/06\/Assen_Chantra_LCR_Fren_Tubo-2-1024x683.jpg 1024w, https:\/\/frentubo.it\/wp-content\/uploads\/2025\/06\/Assen_Chantra_LCR_Fren_Tubo-2-300x200.jpg 300w, https:\/\/frentubo.it\/wp-content\/uploads\/2025\/06\/Assen_Chantra_LCR_Fren_Tubo-2-768x512.jpg 768w, https:\/\/frentubo.it\/wp-content\/uploads\/2025\/06\/Assen_Chantra_LCR_Fren_Tubo-2-1536x1024.jpg 1536w, https:\/\/frentubo.it\/wp-content\/uploads\/2025\/06\/Assen_Chantra_LCR_Fren_Tubo-2-2048x1366.jpg 2048w\" sizes=\"(max-width: 1024px) 100vw, 1024px\" \/><\/figure>\n\n\n\n<figure class=\"wp-block-image size-large\"><img decoding=\"async\" loading=\"lazy\" width=\"1024\" height=\"683\" data-id=\"13399\"  src=\"https:\/\/frentubo.it\/wp-content\/uploads\/2025\/06\/Assen_Chantra_LCR_Fren_Tubo-1-1024x683.jpg\" alt=\"\" class=\"wp-image-13399\" srcset=\"https:\/\/frentubo.it\/wp-content\/uploads\/2025\/06\/Assen_Chantra_LCR_Fren_Tubo-1-1024x683.jpg 1024w, https:\/\/frentubo.it\/wp-content\/uploads\/2025\/06\/Assen_Chantra_LCR_Fren_Tubo-1-300x200.jpg 300w, https:\/\/frentubo.it\/wp-content\/uploads\/2025\/06\/Assen_Chantra_LCR_Fren_Tubo-1-768x512.jpg 768w, https:\/\/frentubo.it\/wp-content\/uploads\/2025\/06\/Assen_Chantra_LCR_Fren_Tubo-1-1536x1024.jpg 1536w, https:\/\/frentubo.it\/wp-content\/uploads\/2025\/06\/Assen_Chantra_LCR_Fren_Tubo-1-2048x1365.jpg 2048w\" sizes=\"(max-width: 1024px) 100vw, 1024px\" \/><\/figure>\n<\/figure>\n\n\n\n<h2 class=\"has-text-align-center\">Somkiat Chantra 15\u00b0<\/h2>\n\n\n\n<p class=\"has-black-color has-text-color\"><em>&#8220;Ottenere il mio primo punto nel campionato MotoGP \u00e8 molto speciale. Vorrei ringraziare Aleix Espargar\u00f3, perch\u00e9 guidare dietro di lui mi ha aiutato a capire molte cose e ho imparato molto. Ho spinto molto per ottenere punti e alla fine ci siamo riusciti. Grazie di cuore alla squadra e a Takaaki Nakagami per il lavoro e il supporto di questo fine settimana!&#8221;.<\/em><\/p>\n\n\n\n<figure class=\"is-layout-flex wp-block-gallery-3 wp-block-gallery has-nested-images columns-default is-cropped\">\n<figure class=\"wp-block-image size-large\"><img decoding=\"async\" loading=\"lazy\" width=\"1024\" height=\"683\" data-id=\"13403\"  src=\"https:\/\/frentubo.it\/wp-content\/uploads\/2025\/06\/Assen_Chantra_LCR_Fren_Tubo-3-1024x683.jpg\" alt=\"\" class=\"wp-image-13403\" srcset=\"https:\/\/frentubo.it\/wp-content\/uploads\/2025\/06\/Assen_Chantra_LCR_Fren_Tubo-3-1024x683.jpg 1024w, https:\/\/frentubo.it\/wp-content\/uploads\/2025\/06\/Assen_Chantra_LCR_Fren_Tubo-3-300x200.jpg 300w, https:\/\/frentubo.it\/wp-content\/uploads\/2025\/06\/Assen_Chantra_LCR_Fren_Tubo-3-768x512.jpg 768w, https:\/\/frentubo.it\/wp-content\/uploads\/2025\/06\/Assen_Chantra_LCR_Fren_Tubo-3-1536x1024.jpg 1536w, https:\/\/frentubo.it\/wp-content\/uploads\/2025\/06\/Assen_Chantra_LCR_Fren_Tubo-3-2048x1366.jpg 2048w\" sizes=\"(max-width: 1024px) 100vw, 1024px\" \/><\/figure>\n\n\n\n<figure class=\"wp-block-image size-large\"><img decoding=\"async\" loading=\"lazy\" width=\"1024\" height=\"683\" data-id=\"13397\"  src=\"https:\/\/frentubo.it\/wp-content\/uploads\/2025\/06\/Assen_Chantra_LCR_Fren_Tubo-7-1024x683.jpg\" alt=\"\" class=\"wp-image-13397\" srcset=\"https:\/\/frentubo.it\/wp-content\/uploads\/2025\/06\/Assen_Chantra_LCR_Fren_Tubo-7-1024x683.jpg 1024w, https:\/\/frentubo.it\/wp-content\/uploads\/2025\/06\/Assen_Chantra_LCR_Fren_Tubo-7-300x200.jpg 300w, https:\/\/frentubo.it\/wp-content\/uploads\/2025\/06\/Assen_Chantra_LCR_Fren_Tubo-7-768x512.jpg 768w, https:\/\/frentubo.it\/wp-content\/uploads\/2025\/06\/Assen_Chantra_LCR_Fren_Tubo-7-1536x1024.jpg 1536w, https:\/\/frentubo.it\/wp-content\/uploads\/2025\/06\/Assen_Chantra_LCR_Fren_Tubo-7-2048x1365.jpg 2048w\" sizes=\"(max-width: 1024px) 100vw, 1024px\" \/><\/figure>\n\n\n\n<figure class=\"wp-block-image size-large\"><img decoding=\"async\" loading=\"lazy\" width=\"1024\" height=\"683\" data-id=\"13393\"  src=\"https:\/\/frentubo.it\/wp-content\/uploads\/2025\/06\/Assen_Chantra_LCR_Fren_Tubo-5-1024x683.jpg\" alt=\"\" class=\"wp-image-13393\" srcset=\"https:\/\/frentubo.it\/wp-content\/uploads\/2025\/06\/Assen_Chantra_LCR_Fren_Tubo-5-1024x683.jpg 1024w, https:\/\/frentubo.it\/wp-content\/uploads\/2025\/06\/Assen_Chantra_LCR_Fren_Tubo-5-300x200.jpg 300w, https:\/\/frentubo.it\/wp-content\/uploads\/2025\/06\/Assen_Chantra_LCR_Fren_Tubo-5-768x512.jpg 768w, https:\/\/frentubo.it\/wp-content\/uploads\/2025\/06\/Assen_Chantra_LCR_Fren_Tubo-5-1536x1024.jpg 1536w, https:\/\/frentubo.it\/wp-content\/uploads\/2025\/06\/Assen_Chantra_LCR_Fren_Tubo-5-2048x1365.jpg 2048w\" sizes=\"(max-width: 1024px) 100vw, 1024px\" \/><\/figure>\n<\/figure>\n\n\n\n<p><\/p>\n\n\n<div class=\"wp-block-image\">\n<figure class=\"aligncenter size-full\"><img decoding=\"async\" loading=\"lazy\" width=\"602\" height=\"405\" src=\"https:\/\/frentubo.it\/wp-content\/uploads\/2025\/06\/sponsor2025_2-1.png\" alt=\"\" class=\"wp-image-13411\" srcset=\"https:\/\/frentubo.it\/wp-content\/uploads\/2025\/06\/sponsor2025_2-1.png 602w, https:\/\/frentubo.it\/wp-content\/uploads\/2025\/06\/sponsor2025_2-1-300x202.png 300w\" sizes=\"(max-width: 602px) 100vw, 602px\" \/><\/figure><\/div>","protected":false},"excerpt":{"rendered":"<p>Il pilota IDEMITSU Honda LCR Somkiat Chantra si piazza al 15\u00b0 posto nella gara di domenica ad Assen. Il pilota tailandese Somkiat Chantra ha offerto una solida prestazione nella gara di domenica al TT Circuit Assen, partendo dal 22\u00b0 posto in griglia. Mantenendo la concentrazione per tutta la gara, Chantra ha gestito bene il ritmo &hellip;<\/p>\n","protected":false},"author":2,"featured_media":13405,"comment_status":"closed","ping_status":"closed","sticky":false,"template":"","format":"standard","meta":[],"categories":[3,8,16,7],"tags":[],"_links":{"self":[{"href":"https:\/\/frentubo.it\/it\/wp-json\/wp\/v2\/posts\/13392"}],"collection":[{"href":"https:\/\/frentubo.it\/it\/wp-json\/wp\/v2\/posts"}],"about":[{"href":"https:\/\/frentubo.it\/it\/wp-json\/wp\/v2\/types\/post"}],"author":[{"embeddable":true,"href":"https:\/\/frentubo.it\/it\/wp-json\/wp\/v2\/users\/2"}],"replies":[{"embeddable":true,"href":"https:\/\/frentubo.it\/it\/wp-json\/wp\/v2\/comments?post=13392"}],"version-history":[{"count":6,"href":"https:\/\/frentubo.it\/it\/wp-json\/wp\/v2\/posts\/13392\/revisions"}],"predecessor-version":[{"id":13416,"href":"https:\/\/frentubo.it\/it\/wp-json\/wp\/v2\/posts\/13392\/revisions\/13416"}],"wp:featuredmedia":[{"embeddable":true,"href":"https:\/\/frentubo.it\/it\/wp-json\/wp\/v2\/media\/13405"}],"wp:attachment":[{"href":"https:\/\/frentubo.it\/it\/wp-json\/wp\/v2\/media?parent=13392"}],"wp:term":[{"taxonomy":"category","embeddable":true,"href":"https:\/\/frentubo.it\/it\/wp-json\/wp\/v2\/categories?post=13392"},{"taxonomy":"post_tag","embeddable":true,"href":"https:\/\/frentubo.it\/it\/wp-json\/wp\/v2\/tags?post=13392"}],"curies":[{"name":"wp","href":"https:\/\/api.w.org\/{rel}","templated":true}]}}