{"id":14012,"date":"2025-11-08T18:21:00","date_gmt":"2025-11-08T18:21:00","guid":{"rendered":"https:\/\/frentubo.it\/?p=14012"},"modified":"2025-12-03T09:29:15","modified_gmt":"2025-12-03T09:29:15","slug":"lcr-e-team-squadra-campione-del-mondo-motoe-2025","status":"publish","type":"post","link":"https:\/\/frentubo.it\/it\/2025\/11\/lcr-e-team-squadra-campione-del-mondo-motoe-2025\/","title":{"rendered":"LCR E-TEAM: SQUADRA CAMPIONE DEL MONDO MOTOE 2025"},"content":{"rendered":"\n<p class=\"has-black-color has-text-color\">I piloti dell&#8217;LCR E-Team concludono il Gran Premio finale di Portim\u00e3o da protagonisti, lottando fino all&#8217;ultimo centimetro.<\/p>\n\n\n\n<p class=\"has-black-color has-text-color\">Eric Granado e Mattia Casadei erano in lizza per il titolo e oggi, nell&#8217;ultimo sabato dell&#8217;era MotoE, hanno combattuto senza sosta fino alla fine.<\/p>\n\n\n\n<figure class=\"is-layout-flex wp-block-gallery-1 wp-block-gallery has-nested-images columns-default is-cropped\">\n<figure class=\"wp-block-image size-large\"><img decoding=\"async\" loading=\"lazy\" width=\"1024\" height=\"683\" data-id=\"13996\"  src=\"https:\/\/frentubo.it\/wp-content\/uploads\/2018\/07\/LCR-MotoE-Portimao-fren-tubo-9-1024x683.jpg\" alt=\"\" class=\"wp-image-13996\" srcset=\"https:\/\/frentubo.it\/wp-content\/uploads\/2018\/07\/LCR-MotoE-Portimao-fren-tubo-9-1024x683.jpg 1024w, https:\/\/frentubo.it\/wp-content\/uploads\/2018\/07\/LCR-MotoE-Portimao-fren-tubo-9-300x200.jpg 300w, https:\/\/frentubo.it\/wp-content\/uploads\/2018\/07\/LCR-MotoE-Portimao-fren-tubo-9-768x512.jpg 768w, https:\/\/frentubo.it\/wp-content\/uploads\/2018\/07\/LCR-MotoE-Portimao-fren-tubo-9-1536x1024.jpg 1536w, https:\/\/frentubo.it\/wp-content\/uploads\/2018\/07\/LCR-MotoE-Portimao-fren-tubo-9-2048x1365.jpg 2048w\" sizes=\"(max-width: 1024px) 100vw, 1024px\" \/><\/figure>\n\n\n\n<figure class=\"wp-block-image size-large\"><img decoding=\"async\" loading=\"lazy\" width=\"1024\" height=\"683\" data-id=\"13990\"  src=\"https:\/\/frentubo.it\/wp-content\/uploads\/2018\/07\/LCR-MotoE-Portimao-fren-tubo-6-1024x683.jpg\" alt=\"\" class=\"wp-image-13990\" srcset=\"https:\/\/frentubo.it\/wp-content\/uploads\/2018\/07\/LCR-MotoE-Portimao-fren-tubo-6-1024x683.jpg 1024w, https:\/\/frentubo.it\/wp-content\/uploads\/2018\/07\/LCR-MotoE-Portimao-fren-tubo-6-300x200.jpg 300w, https:\/\/frentubo.it\/wp-content\/uploads\/2018\/07\/LCR-MotoE-Portimao-fren-tubo-6-768x512.jpg 768w, https:\/\/frentubo.it\/wp-content\/uploads\/2018\/07\/LCR-MotoE-Portimao-fren-tubo-6-1536x1024.jpg 1536w, https:\/\/frentubo.it\/wp-content\/uploads\/2018\/07\/LCR-MotoE-Portimao-fren-tubo-6-2048x1365.jpg 2048w\" sizes=\"(max-width: 1024px) 100vw, 1024px\" \/><\/figure>\n\n\n\n<figure class=\"wp-block-image size-large\"><img decoding=\"async\" loading=\"lazy\" width=\"1024\" height=\"683\" data-id=\"14002\"  src=\"https:\/\/frentubo.it\/wp-content\/uploads\/2018\/07\/LCR-MotoE-Portimao-fren-tubo-2-1024x683.jpg\" alt=\"\" class=\"wp-image-14002\" srcset=\"https:\/\/frentubo.it\/wp-content\/uploads\/2018\/07\/LCR-MotoE-Portimao-fren-tubo-2-1024x683.jpg 1024w, https:\/\/frentubo.it\/wp-content\/uploads\/2018\/07\/LCR-MotoE-Portimao-fren-tubo-2-300x200.jpg 300w, https:\/\/frentubo.it\/wp-content\/uploads\/2018\/07\/LCR-MotoE-Portimao-fren-tubo-2-768x512.jpg 768w, https:\/\/frentubo.it\/wp-content\/uploads\/2018\/07\/LCR-MotoE-Portimao-fren-tubo-2-1536x1024.jpg 1536w, https:\/\/frentubo.it\/wp-content\/uploads\/2018\/07\/LCR-MotoE-Portimao-fren-tubo-2-2048x1365.jpg 2048w\" sizes=\"(max-width: 1024px) 100vw, 1024px\" \/><\/figure>\n<\/figure>\n\n\n\n<p><\/p>\n\n\n\n<p class=\"has-black-color has-text-color\">Granado ha conquistato il podio nella Gara 1, mentre Casadei si \u00e8 classificato al 4\u00b0 posto. <\/p>\n\n\n\n<p class=\"has-black-color has-text-color\">Nella Gara 2, Casadei ha chiuso al secondo posto, mentre il suo compagno di squadra Granado \u00e8 caduto a seguito di un incidente con un altro pilota.<\/p>\n\n\n\n<p class=\"has-black-color has-text-color\">Con la bandiera a scacchi finale, Mattia Casadei conclude la stagione al secondo posto nella classifica 2025, con 188 punti accumulati, mentre Eric Granado chiude al 4\u00b0 posto con 162 punti.<\/p>\n\n\n\n<p class=\"has-black-color has-text-color\">Con questi risultati, LCR E-Team pu\u00f2 vantarsi di essere stata la migliore squadra della stagione, finendo al primo posto nella classifica a squadre con 350 punti e diventando quindi la squadra campione del mondo MotoE 2025.<\/p>\n\n\n\n<p><\/p>\n\n\n\n<h3 class=\"has-text-align-center\">Mattia Casadei \u2013 Gara 1 \u2013 4\u00b0 | Gara 2 \u2013 2\u00b0<\/h3>\n\n\n\n<figure class=\"is-layout-flex wp-block-gallery-3 wp-block-gallery has-nested-images columns-default is-cropped\">\n<figure class=\"wp-block-image size-large\"><img decoding=\"async\" loading=\"lazy\" width=\"1024\" height=\"683\" data-id=\"13984\"  src=\"https:\/\/frentubo.it\/wp-content\/uploads\/2018\/07\/LCR-MotoE-Portimao-fren-tubo-3-1024x683.jpg\" alt=\"\" class=\"wp-image-13984\" srcset=\"https:\/\/frentubo.it\/wp-content\/uploads\/2018\/07\/LCR-MotoE-Portimao-fren-tubo-3-1024x683.jpg 1024w, https:\/\/frentubo.it\/wp-content\/uploads\/2018\/07\/LCR-MotoE-Portimao-fren-tubo-3-300x200.jpg 300w, https:\/\/frentubo.it\/wp-content\/uploads\/2018\/07\/LCR-MotoE-Portimao-fren-tubo-3-768x512.jpg 768w, https:\/\/frentubo.it\/wp-content\/uploads\/2018\/07\/LCR-MotoE-Portimao-fren-tubo-3-1536x1024.jpg 1536w, https:\/\/frentubo.it\/wp-content\/uploads\/2018\/07\/LCR-MotoE-Portimao-fren-tubo-3-2048x1365.jpg 2048w\" sizes=\"(max-width: 1024px) 100vw, 1024px\" \/><\/figure>\n\n\n\n<figure class=\"wp-block-image size-large\"><img decoding=\"async\" loading=\"lazy\" width=\"1024\" height=\"683\" data-id=\"13998\"  src=\"https:\/\/frentubo.it\/wp-content\/uploads\/2018\/07\/LCR-MotoE-Portimao-fren-tubo-10-1024x683.jpg\" alt=\"\" class=\"wp-image-13998\" srcset=\"https:\/\/frentubo.it\/wp-content\/uploads\/2018\/07\/LCR-MotoE-Portimao-fren-tubo-10-1024x683.jpg 1024w, https:\/\/frentubo.it\/wp-content\/uploads\/2018\/07\/LCR-MotoE-Portimao-fren-tubo-10-300x200.jpg 300w, https:\/\/frentubo.it\/wp-content\/uploads\/2018\/07\/LCR-MotoE-Portimao-fren-tubo-10-768x512.jpg 768w, https:\/\/frentubo.it\/wp-content\/uploads\/2018\/07\/LCR-MotoE-Portimao-fren-tubo-10-1536x1024.jpg 1536w, https:\/\/frentubo.it\/wp-content\/uploads\/2018\/07\/LCR-MotoE-Portimao-fren-tubo-10-2048x1365.jpg 2048w\" sizes=\"(max-width: 1024px) 100vw, 1024px\" \/><\/figure>\n<\/figure>\n\n\n\n<p><\/p>\n\n\n\n<p class=\"has-black-color has-text-color\"><em>\u201c\u00c8 stato un anno fantastico e abbiamo lottato fino all&#8217;ultimo centimetro. Il risultato di oggi \u00e8 il modo perfetto per concludere questa avventura. Grazie mille a tutti, porter\u00f2 sempre LCR nel mio cuore. \u00c8 stato un piacere lavorare con questa squadra\u201d.<\/em><\/p>\n\n\n\n<h3 class=\"has-text-align-center\">Eric Granado\u00a0 \u2013 Gara 1 \u2013 2\u00b0 | Gara 2 \u2013 DNF<\/h3>\n\n\n\n<figure class=\"is-layout-flex wp-block-gallery-5 wp-block-gallery has-nested-images columns-default is-cropped\">\n<figure class=\"wp-block-image size-large\"><img decoding=\"async\" loading=\"lazy\" width=\"1024\" height=\"683\" data-id=\"13992\"  src=\"https:\/\/frentubo.it\/wp-content\/uploads\/2018\/07\/LCR-MotoE-Portimao-fren-tubo-7-1024x683.jpg\" alt=\"\" class=\"wp-image-13992\" srcset=\"https:\/\/frentubo.it\/wp-content\/uploads\/2018\/07\/LCR-MotoE-Portimao-fren-tubo-7-1024x683.jpg 1024w, https:\/\/frentubo.it\/wp-content\/uploads\/2018\/07\/LCR-MotoE-Portimao-fren-tubo-7-300x200.jpg 300w, https:\/\/frentubo.it\/wp-content\/uploads\/2018\/07\/LCR-MotoE-Portimao-fren-tubo-7-768x512.jpg 768w, https:\/\/frentubo.it\/wp-content\/uploads\/2018\/07\/LCR-MotoE-Portimao-fren-tubo-7-1536x1024.jpg 1536w, https:\/\/frentubo.it\/wp-content\/uploads\/2018\/07\/LCR-MotoE-Portimao-fren-tubo-7-2048x1365.jpg 2048w\" sizes=\"(max-width: 1024px) 100vw, 1024px\" \/><\/figure>\n\n\n\n<figure class=\"wp-block-image size-large\"><img decoding=\"async\" loading=\"lazy\" width=\"1024\" height=\"683\" data-id=\"13988\"  src=\"https:\/\/frentubo.it\/wp-content\/uploads\/2018\/07\/LCR-MotoE-Portimao-fren-tubo-5-1024x683.jpg\" alt=\"\" class=\"wp-image-13988\" srcset=\"https:\/\/frentubo.it\/wp-content\/uploads\/2018\/07\/LCR-MotoE-Portimao-fren-tubo-5-1024x683.jpg 1024w, https:\/\/frentubo.it\/wp-content\/uploads\/2018\/07\/LCR-MotoE-Portimao-fren-tubo-5-300x200.jpg 300w, https:\/\/frentubo.it\/wp-content\/uploads\/2018\/07\/LCR-MotoE-Portimao-fren-tubo-5-768x512.jpg 768w, https:\/\/frentubo.it\/wp-content\/uploads\/2018\/07\/LCR-MotoE-Portimao-fren-tubo-5-1536x1024.jpg 1536w, https:\/\/frentubo.it\/wp-content\/uploads\/2018\/07\/LCR-MotoE-Portimao-fren-tubo-5-2048x1365.jpg 2048w\" sizes=\"(max-width: 1024px) 100vw, 1024px\" \/><\/figure>\n<\/figure>\n\n\n\n<p><\/p>\n\n\n\n<p class=\"has-black-color has-text-color\"><em>\u201cMi sono sentito parte della famiglia sin dal primo giorno. Volevamo lottare per il titolo e, anche se non ci siamo riusciti, abbiamo combattuto senza sosta. Abbiamo condiviso tanti momenti insieme e concludere sabato scorso con almeno un podio \u00e8 la ricompensa migliore. Grazie mille a tutti\u201d.<\/em><\/p>\n\n\n\n<p><\/p>\n\n\n\n<p><\/p>\n\n\n<div class=\"wp-block-image\">\n<figure class=\"aligncenter size-full\"><img decoding=\"async\" loading=\"lazy\" width=\"605\" height=\"323\" src=\"https:\/\/frentubo.it\/wp-content\/uploads\/2025\/05\/sponsor2025_moto-e.png\" alt=\"\" class=\"wp-image-13316\" srcset=\"https:\/\/frentubo.it\/wp-content\/uploads\/2025\/05\/sponsor2025_moto-e.png 605w, https:\/\/frentubo.it\/wp-content\/uploads\/2025\/05\/sponsor2025_moto-e-300x160.png 300w, https:\/\/frentubo.it\/wp-content\/uploads\/2025\/05\/sponsor2025_moto-e-118x64.png 118w\" sizes=\"(max-width: 605px) 100vw, 605px\" \/><\/figure><\/div>","protected":false},"excerpt":{"rendered":"<p>I piloti dell&#8217;LCR E-Team concludono il Gran Premio finale di Portim\u00e3o da protagonisti, lottando fino all&#8217;ultimo centimetro. Eric Granado e Mattia Casadei erano in lizza per il titolo e oggi, nell&#8217;ultimo sabato dell&#8217;era MotoE, hanno combattuto senza sosta fino alla fine. Granado ha conquistato il podio nella Gara 1, mentre Casadei si \u00e8 classificato al &hellip;<\/p>\n","protected":false},"author":1,"featured_media":13986,"comment_status":"closed","ping_status":"closed","sticky":true,"template":"","format":"standard","meta":[],"categories":[3,8,16,7],"tags":[332,291,290,60],"_links":{"self":[{"href":"https:\/\/frentubo.it\/it\/wp-json\/wp\/v2\/posts\/14012"}],"collection":[{"href":"https:\/\/frentubo.it\/it\/wp-json\/wp\/v2\/posts"}],"about":[{"href":"https:\/\/frentubo.it\/it\/wp-json\/wp\/v2\/types\/post"}],"author":[{"embeddable":true,"href":"https:\/\/frentubo.it\/it\/wp-json\/wp\/v2\/users\/1"}],"replies":[{"embeddable":true,"href":"https:\/\/frentubo.it\/it\/wp-json\/wp\/v2\/comments?post=14012"}],"version-history":[{"count":4,"href":"https:\/\/frentubo.it\/it\/wp-json\/wp\/v2\/posts\/14012\/revisions"}],"predecessor-version":[{"id":14016,"href":"https:\/\/frentubo.it\/it\/wp-json\/wp\/v2\/posts\/14012\/revisions\/14016"}],"wp:featuredmedia":[{"embeddable":true,"href":"https:\/\/frentubo.it\/it\/wp-json\/wp\/v2\/media\/13986"}],"wp:attachment":[{"href":"https:\/\/frentubo.it\/it\/wp-json\/wp\/v2\/media?parent=14012"}],"wp:term":[{"taxonomy":"category","embeddable":true,"href":"https:\/\/frentubo.it\/it\/wp-json\/wp\/v2\/categories?post=14012"},{"taxonomy":"post_tag","embeddable":true,"href":"https:\/\/frentubo.it\/it\/wp-json\/wp\/v2\/tags?post=14012"}],"curies":[{"name":"wp","href":"https:\/\/api.w.org\/{rel}","templated":true}]}}