{"id":2792,"date":"2018-11-19T14:05:03","date_gmt":"2018-11-19T14:05:03","guid":{"rendered":"https:\/\/frentubo.it\/?p=2792"},"modified":"2018-11-19T14:35:53","modified_gmt":"2018-11-19T14:35:53","slug":"taka-miglior-pilota-indipendente-al-gp-di-valencia","status":"publish","type":"post","link":"https:\/\/frentubo.it\/it\/2018\/11\/taka-miglior-pilota-indipendente-al-gp-di-valencia\/","title":{"rendered":"TAKA MIGLIOR PILOTA INDIPENDENTE AL GP DI VALENCIA"},"content":{"rendered":"<p>Il rookie del Team LCR Honda IDEMITSU Takaaki Nakgami finisce in bellezza la stagione MotoGP 2018, tagliando il traguardo del GP di Valencia come miglior pilota di un Team Indipendente.<br \/>\nLa gara \u00e8 stata divisa in due a causa della forte pioggia: la prima parte, caratterizzata da numerose cadute, \u00e8 durata 13 giri prima che venisse esposta la bandiera rossa. Vi \u00e8 stata poi una seconda partenza e sono stati compiuti gli ultimi 14<span class=\"text_exposed_show\">\u00a0giri, durante i quali Taka ha dimostrato gran carattere in condizioni di guida assai difficili.<br \/>\nIl Giapponese si \u00e8 infine classificato 6\u00b0, ottenendo il ruolo di Miglior Pilota Indipendente e il proprio miglior piazzamento in MotoGP.<\/span><\/p>\n<h3 style=\"text-align: center;\">#30 Takaaki Nakagami \u2013 (6\u00b0 \u2013 24\u201935.696)<\/h3>\n<blockquote>\n<h4 style=\"text-align: center;\">\u201cE\u2019 stata molto dura, ho avuto paura ad ogni giro, ogni curva\u2026 ma \u00e8 una sensazione fantastica! Non pensavo di poter essere il miglior Pilota Indipendente. Ieri sera Cal (Crutchlow) mi ha scritto un messaggio, dicendomi di concentrarmi, non fare errori e di dare tutto quello che potevo, visto che non avevo nulla da perdere. E\u2019 stato bello, lo ringrazio e ringrazio tutta la squadra, \u00e8 un giorno indimenticabile! Marted\u00ec inizieremo con i test ufficiali, non vedo l\u2019ora di mettermi al lavoro per la prossima Stagione\u2026 ma stasera festa!\u201d<\/h4>\n<\/blockquote>\n\n\t\t<style type=\"text\/css\">\n\t\t\t#gallery-1 {\n\t\t\t\tmargin: auto;\n\t\t\t}\n\t\t\t#gallery-1 .gallery-item {\n\t\t\t\tfloat: left;\n\t\t\t\tmargin-top: 10px;\n\t\t\t\ttext-align: center;\n\t\t\t\twidth: 16%;\n\t\t\t}\n\t\t\t#gallery-1 img {\n\t\t\t\tborder: 2px solid #cfcfcf;\n\t\t\t}\n\t\t\t#gallery-1 .gallery-caption {\n\t\t\t\tmargin-left: 0;\n\t\t\t}\n\t\t\t\/* see gallery_shortcode() in wp-includes\/media.php *\/\n\t\t<\/style>\n\t\t<div id='gallery-1' class='gallery galleryid-2792 gallery-columns-6 gallery-size-medium'><dl class='gallery-item'>\n\t\t\t<dt class='gallery-icon landscape'>\n\t\t\t\t<a href='https:\/\/frentubo.it\/it\/2018\/11\/taka-miglior-pilota-indipendente-al-gp-di-valencia\/motogp-race-16-motegi-2-2\/'><img width=\"300\" height=\"200\" src=\"https:\/\/frentubo.it\/wp-content\/uploads\/2018\/11\/16_2018_GP16_MG_0594_NAK-1-300x200.jpg\" class=\"attachment-medium size-medium\" alt=\"\" decoding=\"async\" loading=\"lazy\" srcset=\"https:\/\/frentubo.it\/wp-content\/uploads\/2018\/11\/16_2018_GP16_MG_0594_NAK-1-300x200.jpg 300w, https:\/\/frentubo.it\/wp-content\/uploads\/2018\/11\/16_2018_GP16_MG_0594_NAK-1-768x512.jpg 768w, https:\/\/frentubo.it\/wp-content\/uploads\/2018\/11\/16_2018_GP16_MG_0594_NAK-1-1024x683.jpg 1024w\" sizes=\"(max-width: 300px) 100vw, 300px\" \/><\/a>\n\t\t\t<\/dt><\/dl><dl class='gallery-item'>\n\t\t\t<dt class='gallery-icon landscape'>\n\t\t\t\t<a href='https:\/\/frentubo.it\/it\/2018\/11\/taka-miglior-pilota-indipendente-al-gp-di-valencia\/_g028906-2\/'><img width=\"300\" height=\"200\" src=\"https:\/\/frentubo.it\/wp-content\/uploads\/2018\/11\/G028906-300x200.jpg\" class=\"attachment-medium size-medium\" alt=\"\" decoding=\"async\" loading=\"lazy\" srcset=\"https:\/\/frentubo.it\/wp-content\/uploads\/2018\/11\/G028906-300x200.jpg 300w, https:\/\/frentubo.it\/wp-content\/uploads\/2018\/11\/G028906-768x512.jpg 768w, https:\/\/frentubo.it\/wp-content\/uploads\/2018\/11\/G028906-1024x683.jpg 1024w\" sizes=\"(max-width: 300px) 100vw, 300px\" \/><\/a>\n\t\t\t<\/dt><\/dl><dl class='gallery-item'>\n\t\t\t<dt class='gallery-icon landscape'>\n\t\t\t\t<a href='https:\/\/frentubo.it\/it\/2018\/11\/taka-miglior-pilota-indipendente-al-gp-di-valencia\/_ax18131-2\/'><img width=\"300\" height=\"200\" src=\"https:\/\/frentubo.it\/wp-content\/uploads\/2018\/11\/AX18131-300x200.jpg\" class=\"attachment-medium size-medium\" alt=\"\" decoding=\"async\" loading=\"lazy\" srcset=\"https:\/\/frentubo.it\/wp-content\/uploads\/2018\/11\/AX18131-300x200.jpg 300w, https:\/\/frentubo.it\/wp-content\/uploads\/2018\/11\/AX18131-768x512.jpg 768w, https:\/\/frentubo.it\/wp-content\/uploads\/2018\/11\/AX18131-1024x683.jpg 1024w\" sizes=\"(max-width: 300px) 100vw, 300px\" \/><\/a>\n\t\t\t<\/dt><\/dl><dl class='gallery-item'>\n\t\t\t<dt class='gallery-icon landscape'>\n\t\t\t\t<a href='https:\/\/frentubo.it\/it\/2018\/11\/taka-miglior-pilota-indipendente-al-gp-di-valencia\/_ax20347-2\/'><img width=\"300\" height=\"200\" src=\"https:\/\/frentubo.it\/wp-content\/uploads\/2018\/11\/AX20347-300x200.jpg\" class=\"attachment-medium size-medium\" alt=\"\" decoding=\"async\" loading=\"lazy\" srcset=\"https:\/\/frentubo.it\/wp-content\/uploads\/2018\/11\/AX20347-300x200.jpg 300w, https:\/\/frentubo.it\/wp-content\/uploads\/2018\/11\/AX20347-768x512.jpg 768w, https:\/\/frentubo.it\/wp-content\/uploads\/2018\/11\/AX20347-1024x683.jpg 1024w\" sizes=\"(max-width: 300px) 100vw, 300px\" \/><\/a>\n\t\t\t<\/dt><\/dl><dl class='gallery-item'>\n\t\t\t<dt class='gallery-icon landscape'>\n\t\t\t\t<a href='https:\/\/frentubo.it\/it\/2018\/11\/taka-miglior-pilota-indipendente-al-gp-di-valencia\/_tin1102-2\/'><img width=\"300\" height=\"200\" src=\"https:\/\/frentubo.it\/wp-content\/uploads\/2018\/11\/TIN1102-300x200.jpg\" class=\"attachment-medium size-medium\" alt=\"\" decoding=\"async\" loading=\"lazy\" srcset=\"https:\/\/frentubo.it\/wp-content\/uploads\/2018\/11\/TIN1102-300x200.jpg 300w, https:\/\/frentubo.it\/wp-content\/uploads\/2018\/11\/TIN1102-768x512.jpg 768w, https:\/\/frentubo.it\/wp-content\/uploads\/2018\/11\/TIN1102-1024x683.jpg 1024w\" sizes=\"(max-width: 300px) 100vw, 300px\" \/><\/a>\n\t\t\t<\/dt><\/dl><dl class='gallery-item'>\n\t\t\t<dt class='gallery-icon landscape'>\n\t\t\t\t<a href='https:\/\/frentubo.it\/it\/2018\/11\/taka-miglior-pilota-indipendente-al-gp-di-valencia\/_ax18367-2\/'><img width=\"300\" height=\"200\" src=\"https:\/\/frentubo.it\/wp-content\/uploads\/2018\/11\/AX18367-300x200.jpg\" class=\"attachment-medium size-medium\" alt=\"\" decoding=\"async\" loading=\"lazy\" srcset=\"https:\/\/frentubo.it\/wp-content\/uploads\/2018\/11\/AX18367-300x200.jpg 300w, https:\/\/frentubo.it\/wp-content\/uploads\/2018\/11\/AX18367-768x512.jpg 768w, https:\/\/frentubo.it\/wp-content\/uploads\/2018\/11\/AX18367-1024x683.jpg 1024w\" sizes=\"(max-width: 300px) 100vw, 300px\" \/><\/a>\n\t\t\t<\/dt><\/dl><br style=\"clear: both\" \/><dl class='gallery-item'>\n\t\t\t<dt class='gallery-icon landscape'>\n\t\t\t\t<a href='https:\/\/frentubo.it\/it\/2018\/11\/taka-miglior-pilota-indipendente-al-gp-di-valencia\/_ax27985-2\/'><img width=\"300\" height=\"200\" src=\"https:\/\/frentubo.it\/wp-content\/uploads\/2018\/11\/AX27985-300x200.jpg\" class=\"attachment-medium size-medium\" alt=\"\" decoding=\"async\" loading=\"lazy\" srcset=\"https:\/\/frentubo.it\/wp-content\/uploads\/2018\/11\/AX27985-300x200.jpg 300w, https:\/\/frentubo.it\/wp-content\/uploads\/2018\/11\/AX27985-768x512.jpg 768w, https:\/\/frentubo.it\/wp-content\/uploads\/2018\/11\/AX27985-1024x683.jpg 1024w\" sizes=\"(max-width: 300px) 100vw, 300px\" \/><\/a>\n\t\t\t<\/dt><\/dl><dl class='gallery-item'>\n\t\t\t<dt class='gallery-icon landscape'>\n\t\t\t\t<a href='https:\/\/frentubo.it\/it\/2018\/11\/taka-miglior-pilota-indipendente-al-gp-di-valencia\/18_ax10094_nak-2-2\/'><img width=\"300\" height=\"200\" src=\"https:\/\/frentubo.it\/wp-content\/uploads\/2018\/11\/18_AX10094_NAK-1-300x200.jpg\" class=\"attachment-medium size-medium\" alt=\"\" decoding=\"async\" loading=\"lazy\" srcset=\"https:\/\/frentubo.it\/wp-content\/uploads\/2018\/11\/18_AX10094_NAK-1-300x200.jpg 300w, https:\/\/frentubo.it\/wp-content\/uploads\/2018\/11\/18_AX10094_NAK-1-768x512.jpg 768w, https:\/\/frentubo.it\/wp-content\/uploads\/2018\/11\/18_AX10094_NAK-1-1024x683.jpg 1024w\" sizes=\"(max-width: 300px) 100vw, 300px\" \/><\/a>\n\t\t\t<\/dt><\/dl><dl class='gallery-item'>\n\t\t\t<dt class='gallery-icon landscape'>\n\t\t\t\t<a href='https:\/\/frentubo.it\/it\/2018\/11\/taka-miglior-pilota-indipendente-al-gp-di-valencia\/dsc04329-2\/'><img width=\"300\" height=\"200\" src=\"https:\/\/frentubo.it\/wp-content\/uploads\/2018\/11\/DSC04329-300x200.jpg\" class=\"attachment-medium size-medium\" alt=\"\" decoding=\"async\" loading=\"lazy\" srcset=\"https:\/\/frentubo.it\/wp-content\/uploads\/2018\/11\/DSC04329-300x200.jpg 300w, https:\/\/frentubo.it\/wp-content\/uploads\/2018\/11\/DSC04329-768x512.jpg 768w, https:\/\/frentubo.it\/wp-content\/uploads\/2018\/11\/DSC04329-1024x683.jpg 1024w\" sizes=\"(max-width: 300px) 100vw, 300px\" \/><\/a>\n\t\t\t<\/dt><\/dl><dl class='gallery-item'>\n\t\t\t<dt class='gallery-icon landscape'>\n\t\t\t\t<a href='https:\/\/frentubo.it\/it\/2018\/11\/taka-miglior-pilota-indipendente-al-gp-di-valencia\/dsc04610-2\/'><img width=\"300\" height=\"200\" src=\"https:\/\/frentubo.it\/wp-content\/uploads\/2018\/11\/DSC04610-300x200.jpg\" class=\"attachment-medium size-medium\" alt=\"\" decoding=\"async\" loading=\"lazy\" srcset=\"https:\/\/frentubo.it\/wp-content\/uploads\/2018\/11\/DSC04610-300x200.jpg 300w, https:\/\/frentubo.it\/wp-content\/uploads\/2018\/11\/DSC04610-768x512.jpg 768w, https:\/\/frentubo.it\/wp-content\/uploads\/2018\/11\/DSC04610-1024x683.jpg 1024w\" sizes=\"(max-width: 300px) 100vw, 300px\" \/><\/a>\n\t\t\t<\/dt><\/dl><dl class='gallery-item'>\n\t\t\t<dt class='gallery-icon landscape'>\n\t\t\t\t<a href='https:\/\/frentubo.it\/it\/2018\/11\/taka-miglior-pilota-indipendente-al-gp-di-valencia\/dsc05362-2\/'><img width=\"300\" height=\"200\" src=\"https:\/\/frentubo.it\/wp-content\/uploads\/2018\/11\/DSC05362-300x200.jpg\" class=\"attachment-medium size-medium\" alt=\"\" decoding=\"async\" loading=\"lazy\" srcset=\"https:\/\/frentubo.it\/wp-content\/uploads\/2018\/11\/DSC05362-300x200.jpg 300w, https:\/\/frentubo.it\/wp-content\/uploads\/2018\/11\/DSC05362-768x512.jpg 768w, https:\/\/frentubo.it\/wp-content\/uploads\/2018\/11\/DSC05362-1024x683.jpg 1024w\" sizes=\"(max-width: 300px) 100vw, 300px\" \/><\/a>\n\t\t\t<\/dt><\/dl><dl class='gallery-item'>\n\t\t\t<dt class='gallery-icon landscape'>\n\t\t\t\t<a href='https:\/\/frentubo.it\/it\/2018\/11\/taka-miglior-pilota-indipendente-al-gp-di-valencia\/dsc06071-2\/'><img width=\"300\" height=\"200\" src=\"https:\/\/frentubo.it\/wp-content\/uploads\/2018\/11\/DSC06071-300x200.jpg\" class=\"attachment-medium size-medium\" alt=\"\" decoding=\"async\" loading=\"lazy\" srcset=\"https:\/\/frentubo.it\/wp-content\/uploads\/2018\/11\/DSC06071-300x200.jpg 300w, https:\/\/frentubo.it\/wp-content\/uploads\/2018\/11\/DSC06071-768x512.jpg 768w, https:\/\/frentubo.it\/wp-content\/uploads\/2018\/11\/DSC06071-1024x683.jpg 1024w\" sizes=\"(max-width: 300px) 100vw, 300px\" \/><\/a>\n\t\t\t<\/dt><\/dl><br style=\"clear: both\" \/><dl class='gallery-item'>\n\t\t\t<dt class='gallery-icon landscape'>\n\t\t\t\t<a href='https:\/\/frentubo.it\/it\/2018\/11\/taka-miglior-pilota-indipendente-al-gp-di-valencia\/dsc06925-2\/'><img width=\"300\" height=\"200\" src=\"https:\/\/frentubo.it\/wp-content\/uploads\/2018\/11\/DSC06925-300x200.jpg\" class=\"attachment-medium size-medium\" alt=\"\" decoding=\"async\" loading=\"lazy\" srcset=\"https:\/\/frentubo.it\/wp-content\/uploads\/2018\/11\/DSC06925-300x200.jpg 300w, https:\/\/frentubo.it\/wp-content\/uploads\/2018\/11\/DSC06925-768x512.jpg 768w, https:\/\/frentubo.it\/wp-content\/uploads\/2018\/11\/DSC06925-1024x683.jpg 1024w\" sizes=\"(max-width: 300px) 100vw, 300px\" \/><\/a>\n\t\t\t<\/dt><\/dl><dl class='gallery-item'>\n\t\t\t<dt class='gallery-icon landscape'>\n\t\t\t\t<a href='https:\/\/frentubo.it\/it\/2018\/11\/taka-miglior-pilota-indipendente-al-gp-di-valencia\/2018_valencia_taka_sunday_race1-4-2\/'><img width=\"300\" height=\"200\" src=\"https:\/\/frentubo.it\/wp-content\/uploads\/2018\/11\/2018_Valencia_Taka_Sunday_Race1-4-300x200.jpg\" class=\"attachment-medium size-medium\" alt=\"\" decoding=\"async\" loading=\"lazy\" srcset=\"https:\/\/frentubo.it\/wp-content\/uploads\/2018\/11\/2018_Valencia_Taka_Sunday_Race1-4-300x200.jpg 300w, https:\/\/frentubo.it\/wp-content\/uploads\/2018\/11\/2018_Valencia_Taka_Sunday_Race1-4-768x512.jpg 768w, https:\/\/frentubo.it\/wp-content\/uploads\/2018\/11\/2018_Valencia_Taka_Sunday_Race1-4-1024x683.jpg 1024w\" sizes=\"(max-width: 300px) 100vw, 300px\" \/><\/a>\n\t\t\t<\/dt><\/dl><dl class='gallery-item'>\n\t\t\t<dt class='gallery-icon landscape'>\n\t\t\t\t<a href='https:\/\/frentubo.it\/it\/2018\/11\/taka-miglior-pilota-indipendente-al-gp-di-valencia\/2018_valencia_taka_sunday_race1-8-2\/'><img width=\"300\" height=\"200\" src=\"https:\/\/frentubo.it\/wp-content\/uploads\/2018\/11\/2018_Valencia_Taka_Sunday_Race1-8-300x200.jpg\" class=\"attachment-medium size-medium\" alt=\"\" decoding=\"async\" loading=\"lazy\" srcset=\"https:\/\/frentubo.it\/wp-content\/uploads\/2018\/11\/2018_Valencia_Taka_Sunday_Race1-8-300x200.jpg 300w, https:\/\/frentubo.it\/wp-content\/uploads\/2018\/11\/2018_Valencia_Taka_Sunday_Race1-8-768x512.jpg 768w, https:\/\/frentubo.it\/wp-content\/uploads\/2018\/11\/2018_Valencia_Taka_Sunday_Race1-8-1024x683.jpg 1024w\" sizes=\"(max-width: 300px) 100vw, 300px\" \/><\/a>\n\t\t\t<\/dt><\/dl><dl class='gallery-item'>\n\t\t\t<dt class='gallery-icon landscape'>\n\t\t\t\t<a href='https:\/\/frentubo.it\/it\/2018\/11\/taka-miglior-pilota-indipendente-al-gp-di-valencia\/2018_valencia_taka_sunday_race2-2-2\/'><img width=\"300\" height=\"200\" src=\"https:\/\/frentubo.it\/wp-content\/uploads\/2018\/11\/2018_Valencia_Taka_Sunday_Race2-2-300x200.jpg\" class=\"attachment-medium size-medium\" alt=\"\" decoding=\"async\" loading=\"lazy\" srcset=\"https:\/\/frentubo.it\/wp-content\/uploads\/2018\/11\/2018_Valencia_Taka_Sunday_Race2-2-300x200.jpg 300w, https:\/\/frentubo.it\/wp-content\/uploads\/2018\/11\/2018_Valencia_Taka_Sunday_Race2-2-768x512.jpg 768w, https:\/\/frentubo.it\/wp-content\/uploads\/2018\/11\/2018_Valencia_Taka_Sunday_Race2-2-1024x683.jpg 1024w\" sizes=\"(max-width: 300px) 100vw, 300px\" \/><\/a>\n\t\t\t<\/dt><\/dl><dl class='gallery-item'>\n\t\t\t<dt class='gallery-icon landscape'>\n\t\t\t\t<a href='https:\/\/frentubo.it\/it\/2018\/11\/taka-miglior-pilota-indipendente-al-gp-di-valencia\/2018_valencia_taka_sunday_race2-21-2\/'><img width=\"300\" height=\"200\" src=\"https:\/\/frentubo.it\/wp-content\/uploads\/2018\/11\/2018_Valencia_Taka_Sunday_Race2-21-300x200.jpg\" class=\"attachment-medium size-medium\" alt=\"\" decoding=\"async\" loading=\"lazy\" srcset=\"https:\/\/frentubo.it\/wp-content\/uploads\/2018\/11\/2018_Valencia_Taka_Sunday_Race2-21-300x200.jpg 300w, https:\/\/frentubo.it\/wp-content\/uploads\/2018\/11\/2018_Valencia_Taka_Sunday_Race2-21-768x512.jpg 768w, https:\/\/frentubo.it\/wp-content\/uploads\/2018\/11\/2018_Valencia_Taka_Sunday_Race2-21-1024x683.jpg 1024w\" sizes=\"(max-width: 300px) 100vw, 300px\" \/><\/a>\n\t\t\t<\/dt><\/dl><dl class='gallery-item'>\n\t\t\t<dt class='gallery-icon landscape'>\n\t\t\t\t<a href='https:\/\/frentubo.it\/it\/2018\/11\/taka-miglior-pilota-indipendente-al-gp-di-valencia\/2018_valencia_taka_sunday_race2-25-2\/'><img width=\"300\" height=\"200\" src=\"https:\/\/frentubo.it\/wp-content\/uploads\/2018\/11\/2018_Valencia_Taka_Sunday_Race2-25-300x200.jpg\" class=\"attachment-medium size-medium\" alt=\"\" decoding=\"async\" loading=\"lazy\" srcset=\"https:\/\/frentubo.it\/wp-content\/uploads\/2018\/11\/2018_Valencia_Taka_Sunday_Race2-25-300x200.jpg 300w, https:\/\/frentubo.it\/wp-content\/uploads\/2018\/11\/2018_Valencia_Taka_Sunday_Race2-25-768x512.jpg 768w, https:\/\/frentubo.it\/wp-content\/uploads\/2018\/11\/2018_Valencia_Taka_Sunday_Race2-25-1024x683.jpg 1024w\" sizes=\"(max-width: 300px) 100vw, 300px\" \/><\/a>\n\t\t\t<\/dt><\/dl><br style=\"clear: both\" \/>\n\t\t<\/div>\n\n","protected":false},"excerpt":{"rendered":"<p>Il rookie del Team LCR Honda IDEMITSU Takaaki Nakgami finisce in bellezza la stagione MotoGP 2018, tagliando il traguardo del GP di Valencia come miglior pilota di un Team Indipendente. La gara \u00e8 stata divisa in due a causa della forte pioggia: la prima parte, caratterizzata da numerose cadute, \u00e8 durata 13 giri prima che &hellip;<\/p>\n","protected":false},"author":2,"featured_media":2757,"comment_status":"closed","ping_status":"closed","sticky":false,"template":"","format":"standard","meta":[],"categories":[7],"tags":[],"_links":{"self":[{"href":"https:\/\/frentubo.it\/it\/wp-json\/wp\/v2\/posts\/2792"}],"collection":[{"href":"https:\/\/frentubo.it\/it\/wp-json\/wp\/v2\/posts"}],"about":[{"href":"https:\/\/frentubo.it\/it\/wp-json\/wp\/v2\/types\/post"}],"author":[{"embeddable":true,"href":"https:\/\/frentubo.it\/it\/wp-json\/wp\/v2\/users\/2"}],"replies":[{"embeddable":true,"href":"https:\/\/frentubo.it\/it\/wp-json\/wp\/v2\/comments?post=2792"}],"version-history":[{"count":10,"href":"https:\/\/frentubo.it\/it\/wp-json\/wp\/v2\/posts\/2792\/revisions"}],"predecessor-version":[{"id":2826,"href":"https:\/\/frentubo.it\/it\/wp-json\/wp\/v2\/posts\/2792\/revisions\/2826"}],"wp:featuredmedia":[{"embeddable":true,"href":"https:\/\/frentubo.it\/it\/wp-json\/wp\/v2\/media\/2757"}],"wp:attachment":[{"href":"https:\/\/frentubo.it\/it\/wp-json\/wp\/v2\/media?parent=2792"}],"wp:term":[{"taxonomy":"category","embeddable":true,"href":"https:\/\/frentubo.it\/it\/wp-json\/wp\/v2\/categories?post=2792"},{"taxonomy":"post_tag","embeddable":true,"href":"https:\/\/frentubo.it\/it\/wp-json\/wp\/v2\/tags?post=2792"}],"curies":[{"name":"wp","href":"https:\/\/api.w.org\/{rel}","templated":true}]}}