{"id":2821,"date":"2018-11-18T14:29:54","date_gmt":"2018-11-18T14:29:54","guid":{"rendered":"https:\/\/frentubo.it\/?p=2821"},"modified":"2018-11-19T14:33:52","modified_gmt":"2018-11-19T14:33:52","slug":"moto-2-team-speed-up-gp-di-valencia","status":"publish","type":"post","link":"https:\/\/frentubo.it\/it\/2018\/11\/moto-2-team-speed-up-gp-di-valencia\/","title":{"rendered":"Moto 2 \u2013 TEAM SPEED UP \u2013 GP DI VALENCIA"},"content":{"rendered":"<h3>QUARTARARO SALUTA IL TEAM CON UNA FANTASTICA RIMONTA IN UN COMPLICATO GP DI VALENCIA<\/h3>\n<p>All\u2019ultima gara della stagione 2018, Fabio Quartararo saluta il team HDR heidrun-Speed Up con una fantastica rimonta confermando la decima posizione nella classifica finale del Campionato Mondiale Moto2.<\/p>\n<p>A pochi secondi dal warm up lap, un imprevisto durante l\u2019accensione della moto costringe Fabio a lasciare la nona posizione in griglia ed iniziare cos\u00ec la gara dall\u2019ultima posizione. I semafori si spengono, Fabio fa un\u2019ottima partenza e alla fine del primo giro \u00e8 gi\u00e0 dodicesimo. Moltissime le cadute nel corso della gara a causa dell\u2019asfalto scivoloso per la pioggia scesa nei primi giri, ma Quartararo non sbaglia e lotta fino all\u2019ultimo giro tagliando il traguardo del Ricardo Tormo in sesta posizione.<\/p>\n<p>Purtroppo il giovane Marcon scivola alla curva tre del settimo giro della competizione. Un weekend difficile per Tommaso che ha dovuto affrontare il suo primo Gran Premio del Campionato Mondiale sotto la pioggia dimostrando grande impegno e dedizione.<\/p>\n\n\t\t<style type=\"text\/css\">\n\t\t\t#gallery-1 {\n\t\t\t\tmargin: auto;\n\t\t\t}\n\t\t\t#gallery-1 .gallery-item {\n\t\t\t\tfloat: left;\n\t\t\t\tmargin-top: 10px;\n\t\t\t\ttext-align: center;\n\t\t\t\twidth: 33%;\n\t\t\t}\n\t\t\t#gallery-1 img {\n\t\t\t\tborder: 2px solid #cfcfcf;\n\t\t\t}\n\t\t\t#gallery-1 .gallery-caption {\n\t\t\t\tmargin-left: 0;\n\t\t\t}\n\t\t\t\/* see gallery_shortcode() in wp-includes\/media.php *\/\n\t\t<\/style>\n\t\t<div id='gallery-1' class='gallery galleryid-2821 gallery-columns-3 gallery-size-medium'><dl class='gallery-item'>\n\t\t\t<dt class='gallery-icon landscape'>\n\t\t\t\t<a href='https:\/\/frentubo.it\/it\/2018\/11\/moto-2-team-speed-up-gp-di-valencia\/image00029-2\/'><img width=\"300\" height=\"200\" src=\"https:\/\/frentubo.it\/wp-content\/uploads\/2018\/11\/Image00029-300x200.jpg\" class=\"attachment-medium size-medium\" alt=\"\" decoding=\"async\" loading=\"lazy\" srcset=\"https:\/\/frentubo.it\/wp-content\/uploads\/2018\/11\/Image00029-300x200.jpg 300w, https:\/\/frentubo.it\/wp-content\/uploads\/2018\/11\/Image00029-768x512.jpg 768w, https:\/\/frentubo.it\/wp-content\/uploads\/2018\/11\/Image00029-1024x683.jpg 1024w, https:\/\/frentubo.it\/wp-content\/uploads\/2018\/11\/Image00029.jpg 1200w\" sizes=\"(max-width: 300px) 100vw, 300px\" \/><\/a>\n\t\t\t<\/dt><\/dl><dl class='gallery-item'>\n\t\t\t<dt class='gallery-icon landscape'>\n\t\t\t\t<a href='https:\/\/frentubo.it\/it\/2018\/11\/moto-2-team-speed-up-gp-di-valencia\/image00006-2\/'><img width=\"300\" height=\"200\" src=\"https:\/\/frentubo.it\/wp-content\/uploads\/2018\/11\/Image00006-300x200.jpg\" class=\"attachment-medium size-medium\" alt=\"\" decoding=\"async\" loading=\"lazy\" srcset=\"https:\/\/frentubo.it\/wp-content\/uploads\/2018\/11\/Image00006-300x200.jpg 300w, https:\/\/frentubo.it\/wp-content\/uploads\/2018\/11\/Image00006-768x512.jpg 768w, https:\/\/frentubo.it\/wp-content\/uploads\/2018\/11\/Image00006-1024x683.jpg 1024w, https:\/\/frentubo.it\/wp-content\/uploads\/2018\/11\/Image00006.jpg 1200w\" sizes=\"(max-width: 300px) 100vw, 300px\" \/><\/a>\n\t\t\t<\/dt><\/dl><dl class='gallery-item'>\n\t\t\t<dt class='gallery-icon landscape'>\n\t\t\t\t<a href='https:\/\/frentubo.it\/it\/2018\/11\/moto-2-team-speed-up-gp-di-valencia\/image00050-2-2\/'><img width=\"300\" height=\"200\" src=\"https:\/\/frentubo.it\/wp-content\/uploads\/2018\/11\/Image00050-300x200.jpg\" class=\"attachment-medium size-medium\" alt=\"\" decoding=\"async\" loading=\"lazy\" srcset=\"https:\/\/frentubo.it\/wp-content\/uploads\/2018\/11\/Image00050-300x200.jpg 300w, https:\/\/frentubo.it\/wp-content\/uploads\/2018\/11\/Image00050-768x512.jpg 768w, https:\/\/frentubo.it\/wp-content\/uploads\/2018\/11\/Image00050-1024x683.jpg 1024w, https:\/\/frentubo.it\/wp-content\/uploads\/2018\/11\/Image00050.jpg 1200w\" sizes=\"(max-width: 300px) 100vw, 300px\" \/><\/a>\n\t\t\t<\/dt><\/dl><br style=\"clear: both\" \/>\n\t\t<\/div>\n\n<h4>FABIO QUARTARARO#20 \u2013 6\u00b0<\/h4>\n<blockquote><p>\u201c<em>La gara \u00e8 stata abbastanza difficile perch\u00e9 son partito ultimo, ma alla fine son riuscito a partire molto bene e a superare parecchi piloti nel primo giro. Son riusciti a finire sesti la gara ed \u00e8 stato il miglior risultato che potevamo ottenere perch\u00e9 non avevamo il potenziale per lottare pi\u00f9 avanti. Abbiamo chiuso il campionato di Moto2 abbastanza bene e per questo voglio ringraziare tutto il team per questo anno difficile insieme e per i traguardi raggiunti, grazie davvero!<\/em>\u201d.<\/p><\/blockquote>\n<h4>TOMMASO MARCON#70\u2013 non classificato<\/h4>\n<blockquote><p>\u201c<em>\u00c8 stata una gara davvero molto difficile perch\u00e9 con la pista bagnata c\u2019era davvero poco grip. Proprio per questo motivo dopo neanche met\u00e0 gara son caduto alla curva tre. Ringrazio davvero molto il team per l\u2019opportunit\u00e0 datami in questo weekend e per il lavoro svolto insieme<\/em>\u201d.<\/p><\/blockquote>\n","protected":false},"excerpt":{"rendered":"<p>QUARTARARO SALUTA IL TEAM CON UNA FANTASTICA RIMONTA IN UN COMPLICATO GP DI VALENCIA All\u2019ultima gara della stagione 2018, Fabio Quartararo saluta il team HDR heidrun-Speed Up con una fantastica rimonta confermando la decima posizione nella classifica finale del Campionato Mondiale Moto2. A pochi secondi dal warm up lap, un imprevisto durante l\u2019accensione della moto &hellip;<\/p>\n","protected":false},"author":2,"featured_media":2807,"comment_status":"closed","ping_status":"closed","sticky":false,"template":"","format":"standard","meta":[],"categories":[7],"tags":[],"_links":{"self":[{"href":"https:\/\/frentubo.it\/it\/wp-json\/wp\/v2\/posts\/2821"}],"collection":[{"href":"https:\/\/frentubo.it\/it\/wp-json\/wp\/v2\/posts"}],"about":[{"href":"https:\/\/frentubo.it\/it\/wp-json\/wp\/v2\/types\/post"}],"author":[{"embeddable":true,"href":"https:\/\/frentubo.it\/it\/wp-json\/wp\/v2\/users\/2"}],"replies":[{"embeddable":true,"href":"https:\/\/frentubo.it\/it\/wp-json\/wp\/v2\/comments?post=2821"}],"version-history":[{"count":3,"href":"https:\/\/frentubo.it\/it\/wp-json\/wp\/v2\/posts\/2821\/revisions"}],"predecessor-version":[{"id":2825,"href":"https:\/\/frentubo.it\/it\/wp-json\/wp\/v2\/posts\/2821\/revisions\/2825"}],"wp:featuredmedia":[{"embeddable":true,"href":"https:\/\/frentubo.it\/it\/wp-json\/wp\/v2\/media\/2807"}],"wp:attachment":[{"href":"https:\/\/frentubo.it\/it\/wp-json\/wp\/v2\/media?parent=2821"}],"wp:term":[{"taxonomy":"category","embeddable":true,"href":"https:\/\/frentubo.it\/it\/wp-json\/wp\/v2\/categories?post=2821"},{"taxonomy":"post_tag","embeddable":true,"href":"https:\/\/frentubo.it\/it\/wp-json\/wp\/v2\/tags?post=2821"}],"curies":[{"name":"wp","href":"https:\/\/api.w.org\/{rel}","templated":true}]}}