{"id":3738,"date":"2019-02-27T16:22:46","date_gmt":"2019-02-27T16:22:46","guid":{"rendered":"https:\/\/frentubo.it\/?p=3738"},"modified":"2019-03-12T08:16:46","modified_gmt":"2019-03-12T08:16:46","slug":"svelato-a-brescia-lcr-e-team-2019","status":"publish","type":"post","link":"https:\/\/frentubo.it\/it\/2019\/02\/svelato-a-brescia-lcr-e-team-2019\/","title":{"rendered":"SVELATO A BRESCIA LCR E-TEAM 2019 SPONSORIZZATO FREN TUBO!"},"content":{"rendered":"\n\t\t<style type=\"text\/css\">\n\t\t\t#gallery-1 {\n\t\t\t\tmargin: auto;\n\t\t\t}\n\t\t\t#gallery-1 .gallery-item {\n\t\t\t\tfloat: left;\n\t\t\t\tmargin-top: 10px;\n\t\t\t\ttext-align: center;\n\t\t\t\twidth: 33%;\n\t\t\t}\n\t\t\t#gallery-1 img {\n\t\t\t\tborder: 2px solid #cfcfcf;\n\t\t\t}\n\t\t\t#gallery-1 .gallery-caption {\n\t\t\t\tmargin-left: 0;\n\t\t\t}\n\t\t\t\/* see gallery_shortcode() in wp-includes\/media.php *\/\n\t\t<\/style>\n\t\t<div id='gallery-1' class='gallery galleryid-3738 gallery-columns-3 gallery-size-medium'><dl class='gallery-item'>\n\t\t\t<dt class='gallery-icon landscape'>\n\t\t\t\t<a href='https:\/\/frentubo.it\/wp-content\/uploads\/2018\/07\/FRENTUBO.jpg'><img width=\"300\" height=\"200\" src=\"https:\/\/frentubo.it\/wp-content\/uploads\/2018\/07\/FRENTUBO-300x200.jpg\" class=\"attachment-medium size-medium\" alt=\"\" decoding=\"async\" loading=\"lazy\" srcset=\"https:\/\/frentubo.it\/wp-content\/uploads\/2018\/07\/FRENTUBO-300x200.jpg 300w, https:\/\/frentubo.it\/wp-content\/uploads\/2018\/07\/FRENTUBO-768x512.jpg 768w, https:\/\/frentubo.it\/wp-content\/uploads\/2018\/07\/FRENTUBO-1024x683.jpg 1024w\" sizes=\"(max-width: 300px) 100vw, 300px\" \/><\/a>\n\t\t\t<\/dt><\/dl><dl class='gallery-item'>\n\t\t\t<dt class='gallery-icon landscape'>\n\t\t\t\t<a href='https:\/\/frentubo.it\/wp-content\/uploads\/2018\/07\/e-lcr-honda7.jpg'><img width=\"300\" height=\"200\" src=\"https:\/\/frentubo.it\/wp-content\/uploads\/2018\/07\/e-lcr-honda7-300x200.jpg\" class=\"attachment-medium size-medium\" alt=\"\" decoding=\"async\" loading=\"lazy\" srcset=\"https:\/\/frentubo.it\/wp-content\/uploads\/2018\/07\/e-lcr-honda7-300x200.jpg 300w, https:\/\/frentubo.it\/wp-content\/uploads\/2018\/07\/e-lcr-honda7-768x512.jpg 768w, https:\/\/frentubo.it\/wp-content\/uploads\/2018\/07\/e-lcr-honda7-1024x683.jpg 1024w\" sizes=\"(max-width: 300px) 100vw, 300px\" \/><\/a>\n\t\t\t<\/dt><\/dl><dl class='gallery-item'>\n\t\t\t<dt class='gallery-icon landscape'>\n\t\t\t\t<a href='https:\/\/frentubo.it\/wp-content\/uploads\/2018\/07\/e-lcr-honda3.jpg'><img width=\"300\" height=\"200\" src=\"https:\/\/frentubo.it\/wp-content\/uploads\/2018\/07\/e-lcr-honda3-300x200.jpg\" class=\"attachment-medium size-medium\" alt=\"\" decoding=\"async\" loading=\"lazy\" srcset=\"https:\/\/frentubo.it\/wp-content\/uploads\/2018\/07\/e-lcr-honda3-300x200.jpg 300w, https:\/\/frentubo.it\/wp-content\/uploads\/2018\/07\/e-lcr-honda3-768x512.jpg 768w, https:\/\/frentubo.it\/wp-content\/uploads\/2018\/07\/e-lcr-honda3-1024x683.jpg 1024w\" sizes=\"(max-width: 300px) 100vw, 300px\" \/><\/a>\n\t\t\t<\/dt><\/dl><br style=\"clear: both\" \/>\n\t\t<\/div>\n\n<h4><span style=\"color: #000000;\">COMUNICATO STAMPA: 27\u00a0Febbraio 2019\u00a0| Brescia<\/span><\/h4>\n<p><span style=\"color: #000000;\">Le gare motociclistiche accolgono una nuova era con il lancio del campionato MotoE (ufficialmente la FIM Enel MotoE World Cup) nel 2019 e ieri sera, presso l&#8217;Areadocks Club di Brescia (citt\u00e0 natale del principale sponsor IVAR), la nuovissima squadra LCR E-Team ha svelato le motociclette Energica che Randy De Puniet e Niccol\u00f2 Canepa guideranno nei cinque round previsti dal calendario MotoE (Jerez dela Frontera, Le Mans, Sachsenring, Spielberg e Misano).<\/span><\/p>\n<p><span style=\"color: #000000;\">I Media, i partner e gli amici si sono uniti a Lucio Cecchinello, De Puniet e Canepa per il party inaugurale ospitato da IVAR, azienda leader nel settore delle componenti idrauliche e di riscaldamento, focalizzata su innovazione e sostenibilit\u00e0.<\/span><\/p>\n\n\t\t<style type=\"text\/css\">\n\t\t\t#gallery-2 {\n\t\t\t\tmargin: auto;\n\t\t\t}\n\t\t\t#gallery-2 .gallery-item {\n\t\t\t\tfloat: left;\n\t\t\t\tmargin-top: 10px;\n\t\t\t\ttext-align: center;\n\t\t\t\twidth: 33%;\n\t\t\t}\n\t\t\t#gallery-2 img {\n\t\t\t\tborder: 2px solid #cfcfcf;\n\t\t\t}\n\t\t\t#gallery-2 .gallery-caption {\n\t\t\t\tmargin-left: 0;\n\t\t\t}\n\t\t\t\/* see gallery_shortcode() in wp-includes\/media.php *\/\n\t\t<\/style>\n\t\t<div id='gallery-2' class='gallery galleryid-3738 gallery-columns-3 gallery-size-medium'><dl class='gallery-item'>\n\t\t\t<dt class='gallery-icon landscape'>\n\t\t\t\t<a href='https:\/\/frentubo.it\/wp-content\/uploads\/2018\/07\/e-lcr-honda9.jpg'><img width=\"300\" height=\"200\" src=\"https:\/\/frentubo.it\/wp-content\/uploads\/2018\/07\/e-lcr-honda9-300x200.jpg\" class=\"attachment-medium size-medium\" alt=\"\" decoding=\"async\" loading=\"lazy\" srcset=\"https:\/\/frentubo.it\/wp-content\/uploads\/2018\/07\/e-lcr-honda9-300x200.jpg 300w, https:\/\/frentubo.it\/wp-content\/uploads\/2018\/07\/e-lcr-honda9-768x512.jpg 768w, https:\/\/frentubo.it\/wp-content\/uploads\/2018\/07\/e-lcr-honda9-1024x683.jpg 1024w\" sizes=\"(max-width: 300px) 100vw, 300px\" \/><\/a>\n\t\t\t<\/dt><\/dl><dl class='gallery-item'>\n\t\t\t<dt class='gallery-icon landscape'>\n\t\t\t\t<a href='https:\/\/frentubo.it\/wp-content\/uploads\/2018\/07\/e-lcr-honda5.jpg'><img width=\"300\" height=\"200\" src=\"https:\/\/frentubo.it\/wp-content\/uploads\/2018\/07\/e-lcr-honda5-300x200.jpg\" class=\"attachment-medium size-medium\" alt=\"\" decoding=\"async\" loading=\"lazy\" srcset=\"https:\/\/frentubo.it\/wp-content\/uploads\/2018\/07\/e-lcr-honda5-300x200.jpg 300w, https:\/\/frentubo.it\/wp-content\/uploads\/2018\/07\/e-lcr-honda5-768x512.jpg 768w, https:\/\/frentubo.it\/wp-content\/uploads\/2018\/07\/e-lcr-honda5-1024x683.jpg 1024w\" sizes=\"(max-width: 300px) 100vw, 300px\" \/><\/a>\n\t\t\t<\/dt><\/dl><dl class='gallery-item'>\n\t\t\t<dt class='gallery-icon landscape'>\n\t\t\t\t<a href='https:\/\/frentubo.it\/wp-content\/uploads\/2018\/07\/elcrhonda.jpg'><img width=\"300\" height=\"200\" src=\"https:\/\/frentubo.it\/wp-content\/uploads\/2018\/07\/elcrhonda-300x200.jpg\" class=\"attachment-medium size-medium\" alt=\"\" decoding=\"async\" loading=\"lazy\" srcset=\"https:\/\/frentubo.it\/wp-content\/uploads\/2018\/07\/elcrhonda-300x200.jpg 300w, https:\/\/frentubo.it\/wp-content\/uploads\/2018\/07\/elcrhonda-768x512.jpg 768w, https:\/\/frentubo.it\/wp-content\/uploads\/2018\/07\/elcrhonda-1024x683.jpg 1024w\" sizes=\"(max-width: 300px) 100vw, 300px\" \/><\/a>\n\t\t\t<\/dt><\/dl><br style=\"clear: both\" \/>\n\t\t<\/div>\n\n<p><span style=\"color: #000000;\"><strong>Lucio Cecchinello<\/strong> (Capo squadra E-LCR): &#8220;\u00c8 un piacere per me essere qui stasera con tutte queste persone per lanciare questo nuovo progetto. Le motociclette a emissioni zero ed a bassa emissione alimentate da fonti di energia rinnovabili rappresentano una parte del futuro delle corse e questo progetto \u00e8 una nuova sfida nella mia carriera. Randy e Niccol\u00f2 sono due dei pi\u00f9 talentuosi ed esperti piloti nel campo del motociclismo e, insieme a uno staff tecnico altamente specializzato, sono sicuro che potremo essere tra i protagonisti della prossima Coppa del Mondo MotoE. Un ringraziamento speciale va al nostro partner principale IVAR per aver creduto in questo nuovo entusiasmante capitolo e a tutti gli altri sostenitori della E-Team della LCR (Agos, Frentubo, Carpimoto e altri ancora che saranno annunciati a breve) &#8220;.<\/span><\/p>\n<p><span style=\"color: #000000;\"><strong>Randy De Puniet<\/strong><\/span><\/p>\n<p><span style=\"color: #000000;\">&#8220;Per me \u00e8 una sensazione speciale perch\u00e9 la squadra di LCR \u00e8 stata la mia famiglia per cinque anni e ho i miei ricordi migliori con loro, quindi tornare \u00e8 semplicemente fantastico. Ho provato la moto sei mesi fa a Le Mans, ma la seconda volta che sono salito in sella ho potuto sentire la differenza. Hanno fatto un lavoro incredibile ed \u00e8 come guidare una moto standard. So che la gente crede che le moto elettriche possano sembrare noiose perch\u00e9 siamo abituati al ruggito di altre moto, ma posso promettere che questo campionato sar\u00e0 divertente per i fan delle due ruote e sono sicuro che vedremo emozionanti battaglie in ogni gara! &#8220;<\/span><\/p>\n<p><span style=\"color: #000000;\"><strong>Niccol\u00f2 Canepa<\/strong><\/span><\/p>\n<p><span style=\"color: #000000;\">&#8220;La prima volta che ho guidato questa moto sono rimasto positivamente colpito e penso che abbiano fatto un lavoro davvero incredibile. Nonostante il peso insolito \u00e8 una moto molto maneggevole e il mio primo giro \u00e8 stato molto fluido e mi sono divertito. Secondo me \u00e8 fondamentale conoscere tutti i circuiti ed essere preparati molto fisicamente come me e Randy. Poi abbiamo la grande fortuna di lavorare con uno staff tecnico molto esperto, motivo per cui ho scelto LCR E-Team. Penso che tutti insieme possiamo fare la differenza &#8220;.<\/span><\/p>\n<p><span style=\"color: #000000;\"><strong>Stefano Bertolotti<\/strong> (IVAR CEO): &#8220;Io e la mia famiglia abbiamo sempre avuto una grande passione per le moto, ma c&#8217;\u00e8 anche una precisa strategia aziendale dietro la nostra decisione di entrare in MotoE: negli ultimi 2 anni abbiamo lavorato intensamente per aumentare lo conoscenza del marchio IVAR, anche grazie alle sponsorizzazioni sportive che condividono i nostri stessi valori. MotoE e LCR E-Team sono perfetti per noi: sono tutti dedicati alla tecnologia, all&#8217;innovazione, al dinamismo, alla sostenibilit\u00e0 e alla cura dell&#8217;ambiente, proprio come noi. Questo progetto \u00e8 una sorta di &#8220;scommessa&#8221; che portiamo con grande entusiasmo: qui all&#8217;IVAR amiamo le sfide! &#8220;<\/span><\/p>\n<p><span style=\"color: #000000;\"><strong>Paolo Bertolotti<\/strong> (IVAR CEO):\u00a0Personalmente mi interessa davvero la sostenibilit\u00e0 ambientale e l&#8217;economia circolare, e cerco di portare questa visione nella nostra azienda ogni giorno, quando si tratta di investimenti importanti (come l&#8217;installazione di pannelli fotovoltaici top of tutte le nostre strutture) e di abitudini quotidiane (ad esempio guidiamo auto ibride, usiamo imballaggi realizzati con materiali riciclati, usiamo veicoli elettrici per i trasporti all&#8217;interno dell&#8217;Azienda). C&#8217;\u00e8 molto da fare per preservare l&#8217;ambiente, come individui e come impresa, ma siamo orgogliosi di dire che siamo un&#8217;azienda &#8220;a emissioni zero&#8221;! MotoE sostiene chiaramente questa causa: questa \u00e8 una rivoluzione nel motorsport e vogliamo essere parte di essa sin dall&#8217;inizio! &#8220;<\/span><\/p>\n<p><img decoding=\"async\" loading=\"lazy\" class=\" wp-image-4011 aligncenter\" src=\"https:\/\/frentubo.it\/wp-content\/uploads\/2018\/07\/e-lcr-honda11-300x116.png\" alt=\"\" width=\"726\" height=\"281\" srcset=\"https:\/\/frentubo.it\/wp-content\/uploads\/2018\/07\/e-lcr-honda11-300x116.png 300w, https:\/\/frentubo.it\/wp-content\/uploads\/2018\/07\/e-lcr-honda11.png 620w\" sizes=\"(max-width: 726px) 100vw, 726px\" \/><\/p>\n","protected":false},"excerpt":{"rendered":"<p>COMUNICATO STAMPA: 27\u00a0Febbraio 2019\u00a0| Brescia Le gare motociclistiche accolgono una nuova era con il lancio del campionato MotoE (ufficialmente la FIM Enel MotoE World Cup) nel 2019 e ieri sera, presso l&#8217;Areadocks Club di Brescia (citt\u00e0 natale del principale sponsor IVAR), la nuovissima squadra LCR E-Team ha svelato le motociclette Energica che Randy De Puniet &hellip;<\/p>\n","protected":false},"author":2,"featured_media":4000,"comment_status":"closed","ping_status":"closed","sticky":false,"template":"","format":"standard","meta":[],"categories":[16],"tags":[],"_links":{"self":[{"href":"https:\/\/frentubo.it\/it\/wp-json\/wp\/v2\/posts\/3738"}],"collection":[{"href":"https:\/\/frentubo.it\/it\/wp-json\/wp\/v2\/posts"}],"about":[{"href":"https:\/\/frentubo.it\/it\/wp-json\/wp\/v2\/types\/post"}],"author":[{"embeddable":true,"href":"https:\/\/frentubo.it\/it\/wp-json\/wp\/v2\/users\/2"}],"replies":[{"embeddable":true,"href":"https:\/\/frentubo.it\/it\/wp-json\/wp\/v2\/comments?post=3738"}],"version-history":[{"count":8,"href":"https:\/\/frentubo.it\/it\/wp-json\/wp\/v2\/posts\/3738\/revisions"}],"predecessor-version":[{"id":4158,"href":"https:\/\/frentubo.it\/it\/wp-json\/wp\/v2\/posts\/3738\/revisions\/4158"}],"wp:featuredmedia":[{"embeddable":true,"href":"https:\/\/frentubo.it\/it\/wp-json\/wp\/v2\/media\/4000"}],"wp:attachment":[{"href":"https:\/\/frentubo.it\/it\/wp-json\/wp\/v2\/media?parent=3738"}],"wp:term":[{"taxonomy":"category","embeddable":true,"href":"https:\/\/frentubo.it\/it\/wp-json\/wp\/v2\/categories?post=3738"},{"taxonomy":"post_tag","embeddable":true,"href":"https:\/\/frentubo.it\/it\/wp-json\/wp\/v2\/tags?post=3738"}],"curies":[{"name":"wp","href":"https:\/\/api.w.org\/{rel}","templated":true}]}}