{"id":4650,"date":"2019-04-13T09:12:35","date_gmt":"2019-04-13T09:12:35","guid":{"rendered":"https:\/\/frentubo.it\/?p=4650"},"modified":"2019-04-17T09:10:50","modified_gmt":"2019-04-17T09:10:50","slug":"torres-svetta-tra-i-piloti-indipendenti-ad-assen","status":"publish","type":"post","link":"https:\/\/frentubo.it\/it\/2019\/04\/torres-svetta-tra-i-piloti-indipendenti-ad-assen\/","title":{"rendered":"Torres svetta tra i piloti indipendenti ad Assen"},"content":{"rendered":"<p><span style=\"color: #000000;\">Una stupenda prima gara ha contraddistinto il weekend del Team Pedercini Racing by Global Service Solutions sul TT Circuit di Assen (NL) con Jordi Torres che ha conquistato l\u2019ottavo posto assoluto e primo dei piloti indipententi. Il pilota spagnolo e la sua Kawasaki Ninja ZX-10RR #81 hanno poi rischiato di concedere il bis con un altrettanto positivo decimo posto in gara due al secondo posto tra gli indipendenti, per un soffio.<\/span><\/p>\n<p><span style=\"color: #000000;\">Un weekend decisamente insolito in Olanda. Dopo che la prima gara di sabato \u00e8 stata posticipata a causa di una inaspettata nevicata, della pista bagnata e delle temperature basse della pista, la sfida \u00e8 stata recuperata domenica mattina, al posto della Tissot Superpole Race. Gara due si \u00e8 invece svolta regolarmente alle 14:00 come previsto e cos\u00ec il weekend \u00e8 vissuto in via del tutto eccezionale su due gare della durata completa di 21 giri.<\/span><\/p>\n\n\t\t<style type=\"text\/css\">\n\t\t\t#gallery-1 {\n\t\t\t\tmargin: auto;\n\t\t\t}\n\t\t\t#gallery-1 .gallery-item {\n\t\t\t\tfloat: left;\n\t\t\t\tmargin-top: 10px;\n\t\t\t\ttext-align: center;\n\t\t\t\twidth: 100%;\n\t\t\t}\n\t\t\t#gallery-1 img {\n\t\t\t\tborder: 2px solid #cfcfcf;\n\t\t\t}\n\t\t\t#gallery-1 .gallery-caption {\n\t\t\t\tmargin-left: 0;\n\t\t\t}\n\t\t\t\/* see gallery_shortcode() in wp-includes\/media.php *\/\n\t\t<\/style>\n\t\t<div id='gallery-1' class='gallery galleryid-4650 gallery-columns-1 gallery-size-large'><dl class='gallery-item'>\n\t\t\t<dt class='gallery-icon landscape'>\n\t\t\t\t<a href='https:\/\/frentubo.it\/wp-content\/uploads\/2019\/04\/TORRES_ASSEN_2.jpg'><img width=\"1024\" height=\"682\" src=\"https:\/\/frentubo.it\/wp-content\/uploads\/2019\/04\/TORRES_ASSEN_2-1024x682.jpg\" class=\"attachment-large size-large\" alt=\"\" decoding=\"async\" loading=\"lazy\" srcset=\"https:\/\/frentubo.it\/wp-content\/uploads\/2019\/04\/TORRES_ASSEN_2-1024x682.jpg 1024w, https:\/\/frentubo.it\/wp-content\/uploads\/2019\/04\/TORRES_ASSEN_2-300x200.jpg 300w, https:\/\/frentubo.it\/wp-content\/uploads\/2019\/04\/TORRES_ASSEN_2-768x511.jpg 768w, https:\/\/frentubo.it\/wp-content\/uploads\/2019\/04\/TORRES_ASSEN_2.jpg 1600w\" sizes=\"(max-width: 1024px) 100vw, 1024px\" \/><\/a>\n\t\t\t<\/dt><\/dl><br style=\"clear: both\" \/>\n\t\t<\/div>\n\n<p><span style=\"color: #000000;\">Torres e il Team Pedercini Racing by Global Service Solutions hanno dimostrato competitivit\u00e0 e passo gara in ogni sessione, ma il momento clou si \u00e8 vissuto in gara uno, dove la Kawasaki Ninja ZX-10RR #81 ha artigliato ancora una volta la top ten e la zona punti. Torres ha chiuso a soli tre secondi da una delle moto ufficiali Ducati e con un vantaggio di 0.049 secondi sull\u2019oramai diretto avversario in campionato, Toprak Razgatlioglu. La seconda gara \u00e8 stata influenzata da alcune vibrazioni della moto di Torres, ma nonostante questo il caparbio pilota si \u00e8 riconfermato al decimo posto a solo mezzo secondo da Razgatlioglu, come a dire che la battaglia tra i due \u00e8 ancora lungi dall\u2019essere conclusa.<\/span><\/p>\n<p><span style=\"color: #000000;\">Con solo due gare disputate, ma con l\u2019ottavo e il decimo posto finali, Jordi \u00e8 nel complesso decimo nella classifica del Campionato Mondiale Motul FIM Superbike, un solo posto dietro all\u2019ex campione del mondo e pilota ufficiale Tom Sykes e con un importante vantaggio di tre punti proprio sul gi\u00e0 citato Razgatlioglu.<\/span><\/p>\n<p><span style=\"color: #000000;\">Il prossimo appuntamento sar\u00e0 la gara di casa del Team Pedercini Racing by Global Service Solutions, a Imola, dal 10 al 12 maggio.<\/span><\/p>\n<p>&nbsp;<\/p>\n<p><img decoding=\"async\" loading=\"lazy\" class=\"size-full wp-image-4573 aligncenter\" src=\"https:\/\/frentubo.it\/wp-content\/uploads\/2019\/04\/Cattura.png\" alt=\"\" width=\"291\" height=\"151\" \/><\/p>\n\n\t\t<style type=\"text\/css\">\n\t\t\t#gallery-2 {\n\t\t\t\tmargin: auto;\n\t\t\t}\n\t\t\t#gallery-2 .gallery-item {\n\t\t\t\tfloat: left;\n\t\t\t\tmargin-top: 10px;\n\t\t\t\ttext-align: center;\n\t\t\t\twidth: 100%;\n\t\t\t}\n\t\t\t#gallery-2 img {\n\t\t\t\tborder: 2px solid #cfcfcf;\n\t\t\t}\n\t\t\t#gallery-2 .gallery-caption {\n\t\t\t\tmargin-left: 0;\n\t\t\t}\n\t\t\t\/* see gallery_shortcode() in wp-includes\/media.php *\/\n\t\t<\/style>\n\t\t<div id='gallery-2' class='gallery galleryid-4650 gallery-columns-1 gallery-size-medium'><dl class='gallery-item'>\n\t\t\t<dt class='gallery-icon landscape'>\n\t\t\t\t<a href='https:\/\/frentubo.it\/wp-content\/uploads\/2019\/04\/TORRES_ASSEN.jpg'><img width=\"300\" height=\"200\" src=\"https:\/\/frentubo.it\/wp-content\/uploads\/2019\/04\/TORRES_ASSEN-300x200.jpg\" class=\"attachment-medium size-medium\" alt=\"\" decoding=\"async\" loading=\"lazy\" srcset=\"https:\/\/frentubo.it\/wp-content\/uploads\/2019\/04\/TORRES_ASSEN-300x200.jpg 300w, https:\/\/frentubo.it\/wp-content\/uploads\/2019\/04\/TORRES_ASSEN-768x512.jpg 768w, https:\/\/frentubo.it\/wp-content\/uploads\/2019\/04\/TORRES_ASSEN-1024x683.jpg 1024w\" sizes=\"(max-width: 300px) 100vw, 300px\" \/><\/a>\n\t\t\t<\/dt><\/dl><br style=\"clear: both\" \/>\n\t\t<\/div>\n\n<p><span style=\"color: #000000;\"><strong>Jordi Torres #81 \u2013 Rider:<\/strong> <\/span><br \/>\n<strong><span style=\"color: #000000;\"><\/p>\n<blockquote><p>\u201cDue grandi gare nello stesso giorno, speravo in questa giornata da molto tempo. Entrambe le gare di domenica sono per me il weekend perfetto e devo dire che siamo stati molto veloci, specie nella prima gara, e mi sono molto divertito a combattere con Toprak e Sykes. L\u2019ottava posizione \u00e8 stata grandiosa, \u00e8 stato un bel risultato per tutto il team. In gara due abbiamo provato a fare lo stesso, ma la moto era pi\u00f9 nervosa sia all\u2019anteriore che al posteriore e non sono riuscito ad entrare nelle curve come avrei voluto. Ho dovuto frenare prima e cercare di essere pi\u00f9 pulito in ingresso curva, ma la cosa pi\u00f9 imporante \u00e8 che abbiamo riportato la moto intera al box in decima posizione raccogliendo informazioni molto importanti. In ogni caso continuiamo ad imparare gara dopo gara.\u201d<\/span><\/p><\/blockquote>\n<p><\/strong><\/p>\n<p><span style=\"color: #000000;\"><strong>Lucio Pedercini \u2013 Team Owner:<\/strong> <\/span><br \/>\n<strong><span style=\"color: #000000;\"><\/p>\n<blockquote><p>\u201cSono molto contento per la forte prestazione di Jordi, tutto il team ha avuto grande soddisfazione per il risultato di gara uno, che ripaga ovviamente del grande lavoro svolto per preparare questa moto e per consentire a Jordi di essere competitivo in pista. A met\u00e0 della seconda gara ha avuto un problema con le vibrazioni e non ha potuto spingere molto, ma era ancora vicino a Razgatlioglu. Ogni weekend di gara miglioriamo e siamo molto ottimisti per il futuro. Abbiamo avuto poche occasioni di test durante l\u2019inverno, ma ogni gara che affrontiamo i meccanici e Jordi migliorano il feeling con il pacchetto. Sapevo che sarebbe successo, ma \u00e8 bellissimo vederlo accadare per davvero in pista.\u201d<\/span><\/p><\/blockquote>\n<p><\/strong><\/p>\n","protected":false},"excerpt":{"rendered":"<p>Una stupenda prima gara ha contraddistinto il weekend del Team Pedercini Racing by Global Service Solutions sul TT Circuit di Assen (NL) con Jordi Torres che ha conquistato l\u2019ottavo posto assoluto e primo dei piloti indipententi. Il pilota spagnolo e la sua Kawasaki Ninja ZX-10RR #81 hanno poi rischiato di concedere il bis con un &hellip;<\/p>\n","protected":false},"author":2,"featured_media":4567,"comment_status":"closed","ping_status":"closed","sticky":false,"template":"","format":"standard","meta":[],"categories":[17,7],"tags":[],"_links":{"self":[{"href":"https:\/\/frentubo.it\/it\/wp-json\/wp\/v2\/posts\/4650"}],"collection":[{"href":"https:\/\/frentubo.it\/it\/wp-json\/wp\/v2\/posts"}],"about":[{"href":"https:\/\/frentubo.it\/it\/wp-json\/wp\/v2\/types\/post"}],"author":[{"embeddable":true,"href":"https:\/\/frentubo.it\/it\/wp-json\/wp\/v2\/users\/2"}],"replies":[{"embeddable":true,"href":"https:\/\/frentubo.it\/it\/wp-json\/wp\/v2\/comments?post=4650"}],"version-history":[{"count":4,"href":"https:\/\/frentubo.it\/it\/wp-json\/wp\/v2\/posts\/4650\/revisions"}],"predecessor-version":[{"id":4654,"href":"https:\/\/frentubo.it\/it\/wp-json\/wp\/v2\/posts\/4650\/revisions\/4654"}],"wp:featuredmedia":[{"embeddable":true,"href":"https:\/\/frentubo.it\/it\/wp-json\/wp\/v2\/media\/4567"}],"wp:attachment":[{"href":"https:\/\/frentubo.it\/it\/wp-json\/wp\/v2\/media?parent=4650"}],"wp:term":[{"taxonomy":"category","embeddable":true,"href":"https:\/\/frentubo.it\/it\/wp-json\/wp\/v2\/categories?post=4650"},{"taxonomy":"post_tag","embeddable":true,"href":"https:\/\/frentubo.it\/it\/wp-json\/wp\/v2\/tags?post=4650"}],"curies":[{"name":"wp","href":"https:\/\/api.w.org\/{rel}","templated":true}]}}