{"id":4984,"date":"2019-05-05T17:54:23","date_gmt":"2019-05-05T17:54:23","guid":{"rendered":"https:\/\/frentubo.it\/?p=4984"},"modified":"2019-05-07T07:00:02","modified_gmt":"2019-05-07T07:00:02","slug":"crutchlow-ottavo-nel-gp-di-jerez","status":"publish","type":"post","link":"https:\/\/frentubo.it\/it\/2019\/05\/crutchlow-ottavo-nel-gp-di-jerez\/","title":{"rendered":"CRUTCHLOW OTTAVO NEL GP DI JEREZ"},"content":{"rendered":"<p><span style=\"color: #000000;\"><strong>COMUNICATO STAMPA: 5 Maggio 2019 | GP di Jerez<\/strong><\/span><\/p>\n<p><span class=\"text_exposed_show\" style=\"color: #000000;\">Partito dalla sesta casella in griglia, il pilota del Team LCR Honda CASTROL Cal Crutchlow ha chiuso il GP di Jerez de la Frontera all\u2019ottavo posto. Il Britannico ha optato per una gomma posteriore media che per\u00f2 non si \u00e8 rivelata la scelta pi\u00f9 azzeccata per i 25 giri della gara andalusa.<\/span><\/p>\n\n\t\t<style type=\"text\/css\">\n\t\t\t#gallery-1 {\n\t\t\t\tmargin: auto;\n\t\t\t}\n\t\t\t#gallery-1 .gallery-item {\n\t\t\t\tfloat: left;\n\t\t\t\tmargin-top: 10px;\n\t\t\t\ttext-align: center;\n\t\t\t\twidth: 33%;\n\t\t\t}\n\t\t\t#gallery-1 img {\n\t\t\t\tborder: 2px solid #cfcfcf;\n\t\t\t}\n\t\t\t#gallery-1 .gallery-caption {\n\t\t\t\tmargin-left: 0;\n\t\t\t}\n\t\t\t\/* see gallery_shortcode() in wp-includes\/media.php *\/\n\t\t<\/style>\n\t\t<div id='gallery-1' class='gallery galleryid-4984 gallery-columns-3 gallery-size-medium'><dl class='gallery-item'>\n\t\t\t<dt class='gallery-icon landscape'>\n\t\t\t\t<a href='https:\/\/frentubo.it\/wp-content\/uploads\/2018\/07\/AX26379.jpg'><img width=\"300\" height=\"200\" src=\"https:\/\/frentubo.it\/wp-content\/uploads\/2018\/07\/AX26379-300x200.jpg\" class=\"attachment-medium size-medium\" alt=\"\" decoding=\"async\" loading=\"lazy\" srcset=\"https:\/\/frentubo.it\/wp-content\/uploads\/2018\/07\/AX26379-300x200.jpg 300w, https:\/\/frentubo.it\/wp-content\/uploads\/2018\/07\/AX26379-768x512.jpg 768w, https:\/\/frentubo.it\/wp-content\/uploads\/2018\/07\/AX26379-1024x683.jpg 1024w\" sizes=\"(max-width: 300px) 100vw, 300px\" \/><\/a>\n\t\t\t<\/dt><\/dl><dl class='gallery-item'>\n\t\t\t<dt class='gallery-icon landscape'>\n\t\t\t\t<a href='https:\/\/frentubo.it\/wp-content\/uploads\/2018\/07\/AX26460.jpg'><img width=\"300\" height=\"200\" src=\"https:\/\/frentubo.it\/wp-content\/uploads\/2018\/07\/AX26460-300x200.jpg\" class=\"attachment-medium size-medium\" alt=\"\" decoding=\"async\" loading=\"lazy\" srcset=\"https:\/\/frentubo.it\/wp-content\/uploads\/2018\/07\/AX26460-300x200.jpg 300w, https:\/\/frentubo.it\/wp-content\/uploads\/2018\/07\/AX26460-768x512.jpg 768w, https:\/\/frentubo.it\/wp-content\/uploads\/2018\/07\/AX26460-1024x683.jpg 1024w\" sizes=\"(max-width: 300px) 100vw, 300px\" \/><\/a>\n\t\t\t<\/dt><\/dl><dl class='gallery-item'>\n\t\t\t<dt class='gallery-icon landscape'>\n\t\t\t\t<a href='https:\/\/frentubo.it\/wp-content\/uploads\/2018\/07\/RD4_Jerez_Crutchlow_2019-2-2.jpg'><img width=\"300\" height=\"200\" src=\"https:\/\/frentubo.it\/wp-content\/uploads\/2018\/07\/RD4_Jerez_Crutchlow_2019-2-2-300x200.jpg\" class=\"attachment-medium size-medium\" alt=\"\" decoding=\"async\" loading=\"lazy\" srcset=\"https:\/\/frentubo.it\/wp-content\/uploads\/2018\/07\/RD4_Jerez_Crutchlow_2019-2-2-300x200.jpg 300w, https:\/\/frentubo.it\/wp-content\/uploads\/2018\/07\/RD4_Jerez_Crutchlow_2019-2-2-768x512.jpg 768w, https:\/\/frentubo.it\/wp-content\/uploads\/2018\/07\/RD4_Jerez_Crutchlow_2019-2-2-1024x683.jpg 1024w\" sizes=\"(max-width: 300px) 100vw, 300px\" \/><\/a>\n\t\t\t<\/dt><\/dl><br style=\"clear: both\" \/>\n\t\t<\/div>\n\n<h2 style=\"text-align: center;\"><strong>#35 Cal Crutchlow <\/strong><\/h2>\n<h2 style=\"text-align: center;\"><strong>(8\u00b0 \u2013 41\u201918.737)<\/strong><\/h2>\n<blockquote><p><strong>\u201cAd essere sinceri questo weekend non ho mai trovato il feeling giusto ma se lo avessi fatto forse la gomma dura sarebbe stata la scelta giusta. Stamattina ero molto veloce con quella gomma ma non mi sentivo pronto ad usarla in gara quindi ho scelto la media. Ed \u00e8 stata la scelta sbagliata\u2026 tutto qui. ho fatto del mio meglio per finire la gara e portare a casa punti importanti per la classifica.\u201d<\/strong><\/p><\/blockquote>\n\n\t\t<style type=\"text\/css\">\n\t\t\t#gallery-2 {\n\t\t\t\tmargin: auto;\n\t\t\t}\n\t\t\t#gallery-2 .gallery-item {\n\t\t\t\tfloat: left;\n\t\t\t\tmargin-top: 10px;\n\t\t\t\ttext-align: center;\n\t\t\t\twidth: 33%;\n\t\t\t}\n\t\t\t#gallery-2 img {\n\t\t\t\tborder: 2px solid #cfcfcf;\n\t\t\t}\n\t\t\t#gallery-2 .gallery-caption {\n\t\t\t\tmargin-left: 0;\n\t\t\t}\n\t\t\t\/* see gallery_shortcode() in wp-includes\/media.php *\/\n\t\t<\/style>\n\t\t<div id='gallery-2' class='gallery galleryid-4984 gallery-columns-3 gallery-size-medium'><dl class='gallery-item'>\n\t\t\t<dt class='gallery-icon landscape'>\n\t\t\t\t<a href='https:\/\/frentubo.it\/wp-content\/uploads\/2018\/07\/TIN9802.jpg'><img width=\"300\" height=\"200\" src=\"https:\/\/frentubo.it\/wp-content\/uploads\/2018\/07\/TIN9802-300x200.jpg\" class=\"attachment-medium size-medium\" alt=\"\" decoding=\"async\" loading=\"lazy\" srcset=\"https:\/\/frentubo.it\/wp-content\/uploads\/2018\/07\/TIN9802-300x200.jpg 300w, https:\/\/frentubo.it\/wp-content\/uploads\/2018\/07\/TIN9802-768x512.jpg 768w, https:\/\/frentubo.it\/wp-content\/uploads\/2018\/07\/TIN9802-1024x683.jpg 1024w\" sizes=\"(max-width: 300px) 100vw, 300px\" \/><\/a>\n\t\t\t<\/dt><\/dl><dl class='gallery-item'>\n\t\t\t<dt class='gallery-icon landscape'>\n\t\t\t\t<a href='https:\/\/frentubo.it\/wp-content\/uploads\/2018\/07\/RD4_Jerez_Crutchlow_2019-00302.jpg'><img width=\"300\" height=\"200\" src=\"https:\/\/frentubo.it\/wp-content\/uploads\/2018\/07\/RD4_Jerez_Crutchlow_2019-00302-300x200.jpg\" class=\"attachment-medium size-medium\" alt=\"\" decoding=\"async\" loading=\"lazy\" srcset=\"https:\/\/frentubo.it\/wp-content\/uploads\/2018\/07\/RD4_Jerez_Crutchlow_2019-00302-300x200.jpg 300w, https:\/\/frentubo.it\/wp-content\/uploads\/2018\/07\/RD4_Jerez_Crutchlow_2019-00302-768x512.jpg 768w, https:\/\/frentubo.it\/wp-content\/uploads\/2018\/07\/RD4_Jerez_Crutchlow_2019-00302-1024x683.jpg 1024w\" sizes=\"(max-width: 300px) 100vw, 300px\" \/><\/a>\n\t\t\t<\/dt><\/dl><dl class='gallery-item'>\n\t\t\t<dt class='gallery-icon landscape'>\n\t\t\t\t<a href='https:\/\/frentubo.it\/wp-content\/uploads\/2018\/07\/RD4_Jerez_Crutchlow_2019-00669.jpg'><img width=\"300\" height=\"200\" src=\"https:\/\/frentubo.it\/wp-content\/uploads\/2018\/07\/RD4_Jerez_Crutchlow_2019-00669-300x200.jpg\" class=\"attachment-medium size-medium\" alt=\"\" decoding=\"async\" loading=\"lazy\" srcset=\"https:\/\/frentubo.it\/wp-content\/uploads\/2018\/07\/RD4_Jerez_Crutchlow_2019-00669-300x200.jpg 300w, https:\/\/frentubo.it\/wp-content\/uploads\/2018\/07\/RD4_Jerez_Crutchlow_2019-00669-768x512.jpg 768w, https:\/\/frentubo.it\/wp-content\/uploads\/2018\/07\/RD4_Jerez_Crutchlow_2019-00669-1024x683.jpg 1024w\" sizes=\"(max-width: 300px) 100vw, 300px\" \/><\/a>\n\t\t\t<\/dt><\/dl><br style=\"clear: both\" \/>\n\t\t<\/div>\n\n<p>&nbsp;<\/p>\n<p><img decoding=\"async\" loading=\"lazy\" class=\" wp-image-4888 aligncenter\" src=\"https:\/\/frentubo.it\/wp-content\/uploads\/2018\/07\/gp_spagna_may-300x251.jpg\" alt=\"\" width=\"504\" height=\"422\" srcset=\"https:\/\/frentubo.it\/wp-content\/uploads\/2018\/07\/gp_spagna_may-300x251.jpg 300w, https:\/\/frentubo.it\/wp-content\/uploads\/2018\/07\/gp_spagna_may.jpg 600w\" sizes=\"(max-width: 504px) 100vw, 504px\" \/><\/p>\n<p>&nbsp;<\/p>\n<p><img decoding=\"async\" loading=\"lazy\" class=\" wp-image-4132 aligncenter\" src=\"https:\/\/frentubo.it\/wp-content\/uploads\/2019\/03\/sponsor_crutchlow_frentubo-300x156.png\" alt=\"\" width=\"442\" height=\"230\" srcset=\"https:\/\/frentubo.it\/wp-content\/uploads\/2019\/03\/sponsor_crutchlow_frentubo-300x156.png 300w, https:\/\/frentubo.it\/wp-content\/uploads\/2019\/03\/sponsor_crutchlow_frentubo-768x400.png 768w, https:\/\/frentubo.it\/wp-content\/uploads\/2019\/03\/sponsor_crutchlow_frentubo.png 793w\" sizes=\"(max-width: 442px) 100vw, 442px\" \/><\/p>\n","protected":false},"excerpt":{"rendered":"<p>COMUNICATO STAMPA: 5 Maggio 2019 | GP di Jerez Partito dalla sesta casella in griglia, il pilota del Team LCR Honda CASTROL Cal Crutchlow ha chiuso il GP di Jerez de la Frontera all\u2019ottavo posto. Il Britannico ha optato per una gomma posteriore media che per\u00f2 non si \u00e8 rivelata la scelta pi\u00f9 azzeccata per &hellip;<\/p>\n","protected":false},"author":2,"featured_media":4958,"comment_status":"closed","ping_status":"closed","sticky":false,"template":"","format":"standard","meta":[],"categories":[16,7],"tags":[],"_links":{"self":[{"href":"https:\/\/frentubo.it\/it\/wp-json\/wp\/v2\/posts\/4984"}],"collection":[{"href":"https:\/\/frentubo.it\/it\/wp-json\/wp\/v2\/posts"}],"about":[{"href":"https:\/\/frentubo.it\/it\/wp-json\/wp\/v2\/types\/post"}],"author":[{"embeddable":true,"href":"https:\/\/frentubo.it\/it\/wp-json\/wp\/v2\/users\/2"}],"replies":[{"embeddable":true,"href":"https:\/\/frentubo.it\/it\/wp-json\/wp\/v2\/comments?post=4984"}],"version-history":[{"count":3,"href":"https:\/\/frentubo.it\/it\/wp-json\/wp\/v2\/posts\/4984\/revisions"}],"predecessor-version":[{"id":4987,"href":"https:\/\/frentubo.it\/it\/wp-json\/wp\/v2\/posts\/4984\/revisions\/4987"}],"wp:featuredmedia":[{"embeddable":true,"href":"https:\/\/frentubo.it\/it\/wp-json\/wp\/v2\/media\/4958"}],"wp:attachment":[{"href":"https:\/\/frentubo.it\/it\/wp-json\/wp\/v2\/media?parent=4984"}],"wp:term":[{"taxonomy":"category","embeddable":true,"href":"https:\/\/frentubo.it\/it\/wp-json\/wp\/v2\/categories?post=4984"},{"taxonomy":"post_tag","embeddable":true,"href":"https:\/\/frentubo.it\/it\/wp-json\/wp\/v2\/tags?post=4984"}],"curies":[{"name":"wp","href":"https:\/\/api.w.org\/{rel}","templated":true}]}}