{"id":6387,"date":"2019-11-17T20:21:48","date_gmt":"2019-11-17T20:21:48","guid":{"rendered":"https:\/\/frentubo.it\/?p=6387"},"modified":"2019-11-19T10:50:18","modified_gmt":"2019-11-19T10:50:18","slug":"gran-premio-de-la-comunitat-valenciana-ancora-pole-per-navarro-diggia-in-seconda-fila","status":"publish","type":"post","link":"https:\/\/frentubo.it\/it\/2019\/11\/gran-premio-de-la-comunitat-valenciana-ancora-pole-per-navarro-diggia-in-seconda-fila\/","title":{"rendered":"GRAN PREMIO VALENCIA: ANCORA PODIO PER NAVARRO CHE CHIUDE LA STAGIONE IN QUARTA POSIZIONE, DI GIANNANTONIO VINCE IL TITOLO DI ROOKIE OF THE YEAR"},"content":{"rendered":"<p><span style=\"color: #000000;\">Da Valencia, \u00e8 tutto. Si \u00e8 appena conclusa l\u2019ultima tappa spagnola che segna la fine del Campionato Mondiale Moto2. Il team MB Conveyors Speed Up ha voglia di lasciare il segno e ci riesce.<\/span><\/p>\n\n\t\t<style type=\"text\/css\">\n\t\t\t#gallery-1 {\n\t\t\t\tmargin: auto;\n\t\t\t}\n\t\t\t#gallery-1 .gallery-item {\n\t\t\t\tfloat: left;\n\t\t\t\tmargin-top: 10px;\n\t\t\t\ttext-align: center;\n\t\t\t\twidth: 50%;\n\t\t\t}\n\t\t\t#gallery-1 img {\n\t\t\t\tborder: 2px solid #cfcfcf;\n\t\t\t}\n\t\t\t#gallery-1 .gallery-caption {\n\t\t\t\tmargin-left: 0;\n\t\t\t}\n\t\t\t\/* see gallery_shortcode() in wp-includes\/media.php *\/\n\t\t<\/style>\n\t\t<div id='gallery-1' class='gallery galleryid-6387 gallery-columns-2 gallery-size-large'><dl class='gallery-item'>\n\t\t\t<dt class='gallery-icon landscape'>\n\t\t\t\t<a href='https:\/\/frentubo.it\/wp-content\/uploads\/2019\/11\/FREN_TUBO_-SPEED_UP_GP_VALENCIA-3.jpg'><img width=\"1024\" height=\"683\" src=\"https:\/\/frentubo.it\/wp-content\/uploads\/2019\/11\/FREN_TUBO_-SPEED_UP_GP_VALENCIA-3-1024x683.jpg\" class=\"attachment-large size-large\" alt=\"\" decoding=\"async\" loading=\"lazy\" srcset=\"https:\/\/frentubo.it\/wp-content\/uploads\/2019\/11\/FREN_TUBO_-SPEED_UP_GP_VALENCIA-3-1024x683.jpg 1024w, https:\/\/frentubo.it\/wp-content\/uploads\/2019\/11\/FREN_TUBO_-SPEED_UP_GP_VALENCIA-3-300x200.jpg 300w, https:\/\/frentubo.it\/wp-content\/uploads\/2019\/11\/FREN_TUBO_-SPEED_UP_GP_VALENCIA-3-768x512.jpg 768w, https:\/\/frentubo.it\/wp-content\/uploads\/2019\/11\/FREN_TUBO_-SPEED_UP_GP_VALENCIA-3.jpg 1200w\" sizes=\"(max-width: 1024px) 100vw, 1024px\" \/><\/a>\n\t\t\t<\/dt><\/dl><dl class='gallery-item'>\n\t\t\t<dt class='gallery-icon landscape'>\n\t\t\t\t<a href='https:\/\/frentubo.it\/wp-content\/uploads\/2019\/11\/FREN_TUBO_-SPEED_UP_GP_VALENCIA-8.jpg'><img width=\"1024\" height=\"683\" src=\"https:\/\/frentubo.it\/wp-content\/uploads\/2019\/11\/FREN_TUBO_-SPEED_UP_GP_VALENCIA-8-1024x683.jpg\" class=\"attachment-large size-large\" alt=\"\" decoding=\"async\" loading=\"lazy\" srcset=\"https:\/\/frentubo.it\/wp-content\/uploads\/2019\/11\/FREN_TUBO_-SPEED_UP_GP_VALENCIA-8-1024x683.jpg 1024w, https:\/\/frentubo.it\/wp-content\/uploads\/2019\/11\/FREN_TUBO_-SPEED_UP_GP_VALENCIA-8-300x200.jpg 300w, https:\/\/frentubo.it\/wp-content\/uploads\/2019\/11\/FREN_TUBO_-SPEED_UP_GP_VALENCIA-8-768x512.jpg 768w, https:\/\/frentubo.it\/wp-content\/uploads\/2019\/11\/FREN_TUBO_-SPEED_UP_GP_VALENCIA-8.jpg 1200w\" sizes=\"(max-width: 1024px) 100vw, 1024px\" \/><\/a>\n\t\t\t<\/dt><\/dl><br style=\"clear: both\" \/>\n\t\t<\/div>\n\n<p><span style=\"color: #000000;\">Incontenibile Navarro, che gioca in casa e conquista abilmente la pole position. In gara, conserva il terzo posto giro dopo giro, e quando alla fine viene superato da Manzi, proprio non ci sta e d\u00e0 gas fino a riprendersi la terza posizione e il podio.<\/span><\/p>\n\n\t\t<style type=\"text\/css\">\n\t\t\t#gallery-2 {\n\t\t\t\tmargin: auto;\n\t\t\t}\n\t\t\t#gallery-2 .gallery-item {\n\t\t\t\tfloat: left;\n\t\t\t\tmargin-top: 10px;\n\t\t\t\ttext-align: center;\n\t\t\t\twidth: 33%;\n\t\t\t}\n\t\t\t#gallery-2 img {\n\t\t\t\tborder: 2px solid #cfcfcf;\n\t\t\t}\n\t\t\t#gallery-2 .gallery-caption {\n\t\t\t\tmargin-left: 0;\n\t\t\t}\n\t\t\t\/* see gallery_shortcode() in wp-includes\/media.php *\/\n\t\t<\/style>\n\t\t<div id='gallery-2' class='gallery galleryid-6387 gallery-columns-3 gallery-size-medium'><dl class='gallery-item'>\n\t\t\t<dt class='gallery-icon landscape'>\n\t\t\t\t<a href='https:\/\/frentubo.it\/wp-content\/uploads\/2019\/11\/FREN_TUBO_-SPEED_UP_GP_VALENCIA-12.jpg'><img width=\"300\" height=\"200\" src=\"https:\/\/frentubo.it\/wp-content\/uploads\/2019\/11\/FREN_TUBO_-SPEED_UP_GP_VALENCIA-12-300x200.jpg\" class=\"attachment-medium size-medium\" alt=\"\" decoding=\"async\" loading=\"lazy\" srcset=\"https:\/\/frentubo.it\/wp-content\/uploads\/2019\/11\/FREN_TUBO_-SPEED_UP_GP_VALENCIA-12-300x200.jpg 300w, https:\/\/frentubo.it\/wp-content\/uploads\/2019\/11\/FREN_TUBO_-SPEED_UP_GP_VALENCIA-12-768x512.jpg 768w, https:\/\/frentubo.it\/wp-content\/uploads\/2019\/11\/FREN_TUBO_-SPEED_UP_GP_VALENCIA-12-1024x683.jpg 1024w, https:\/\/frentubo.it\/wp-content\/uploads\/2019\/11\/FREN_TUBO_-SPEED_UP_GP_VALENCIA-12.jpg 1200w\" sizes=\"(max-width: 300px) 100vw, 300px\" \/><\/a>\n\t\t\t<\/dt><\/dl><dl class='gallery-item'>\n\t\t\t<dt class='gallery-icon landscape'>\n\t\t\t\t<a href='https:\/\/frentubo.it\/wp-content\/uploads\/2019\/11\/FREN_TUBO_-SPEED_UP_GP_VALENCIA-10.jpg'><img width=\"300\" height=\"200\" src=\"https:\/\/frentubo.it\/wp-content\/uploads\/2019\/11\/FREN_TUBO_-SPEED_UP_GP_VALENCIA-10-300x200.jpg\" class=\"attachment-medium size-medium\" alt=\"\" decoding=\"async\" loading=\"lazy\" srcset=\"https:\/\/frentubo.it\/wp-content\/uploads\/2019\/11\/FREN_TUBO_-SPEED_UP_GP_VALENCIA-10-300x200.jpg 300w, https:\/\/frentubo.it\/wp-content\/uploads\/2019\/11\/FREN_TUBO_-SPEED_UP_GP_VALENCIA-10-768x512.jpg 768w, https:\/\/frentubo.it\/wp-content\/uploads\/2019\/11\/FREN_TUBO_-SPEED_UP_GP_VALENCIA-10-1024x683.jpg 1024w, https:\/\/frentubo.it\/wp-content\/uploads\/2019\/11\/FREN_TUBO_-SPEED_UP_GP_VALENCIA-10.jpg 1200w\" sizes=\"(max-width: 300px) 100vw, 300px\" \/><\/a>\n\t\t\t<\/dt><\/dl><dl class='gallery-item'>\n\t\t\t<dt class='gallery-icon landscape'>\n\t\t\t\t<a href='https:\/\/frentubo.it\/wp-content\/uploads\/2019\/11\/FREN_TUBO_-SPEED_UP_GP_VALENCIA-21.jpg'><img width=\"300\" height=\"200\" src=\"https:\/\/frentubo.it\/wp-content\/uploads\/2019\/11\/FREN_TUBO_-SPEED_UP_GP_VALENCIA-21-300x200.jpg\" class=\"attachment-medium size-medium\" alt=\"\" decoding=\"async\" loading=\"lazy\" srcset=\"https:\/\/frentubo.it\/wp-content\/uploads\/2019\/11\/FREN_TUBO_-SPEED_UP_GP_VALENCIA-21-300x200.jpg 300w, https:\/\/frentubo.it\/wp-content\/uploads\/2019\/11\/FREN_TUBO_-SPEED_UP_GP_VALENCIA-21.jpg 359w\" sizes=\"(max-width: 300px) 100vw, 300px\" \/><\/a>\n\t\t\t<\/dt><\/dl><br style=\"clear: both\" \/>\n\t\t<\/div>\n\n<p><span style=\"color: #000000;\">Grintoso anche Fabio Diggia. In gara balla dall\u2019ottava alla 10 posizione, resiste e chiude nono tra gli applausi del pubblico. Per il team SpeedUp \u00e8 ora di tirare le somme di una stagione molto positiva e determinata chiusa al terzo posto con 259 punti nella classifica costruttori e al quinto con 334 punti nella classifica team.<\/span><\/p>\n<p><span style=\"color: #000000;\">Jorge Navarro chiude il campionato 2019 quarto in classifica con 226 punti, con 8 podi, 4 secondi posti (Gp Spagna; Gp Francia; Gp Gran Bretagna; Gp Aragon) 4 terzi posti (Gp Americhe; Gp Catalunya; Gp Austria; Gp Valencia) e 4 pole position (Gp Spagna; Gp Francia; Gp Australia; Gp Valencia).<\/span><\/p>\n<p><img decoding=\"async\" loading=\"lazy\" class=\"size-large wp-image-6416 aligncenter\" src=\"https:\/\/frentubo.it\/wp-content\/uploads\/2019\/11\/FREN_TUBO_-SPEED_UP_GP_VALENCIA-11-1024x683.jpg\" alt=\"\" width=\"1024\" height=\"683\" srcset=\"https:\/\/frentubo.it\/wp-content\/uploads\/2019\/11\/FREN_TUBO_-SPEED_UP_GP_VALENCIA-11-1024x683.jpg 1024w, https:\/\/frentubo.it\/wp-content\/uploads\/2019\/11\/FREN_TUBO_-SPEED_UP_GP_VALENCIA-11-300x200.jpg 300w, https:\/\/frentubo.it\/wp-content\/uploads\/2019\/11\/FREN_TUBO_-SPEED_UP_GP_VALENCIA-11-768x512.jpg 768w, https:\/\/frentubo.it\/wp-content\/uploads\/2019\/11\/FREN_TUBO_-SPEED_UP_GP_VALENCIA-11.jpg 1200w\" sizes=\"(max-width: 1024px) 100vw, 1024px\" \/><\/p>\n<p><span style=\"color: #000000;\">Fabio Di Giannantonio invece, chiude l\u2019anno del suo debutto nono in classifica con 108 punti, con 2 podi al secondo posto (Gp Repubblica Ceca; Gp San Marino e della Riviera di Rimini) e 1 pole position (Gp San Marino e della Riviera di Rimini). Per lui, meritatissimo, arriva anche il premio di Rookie of the Year 2019 come migliore debuttante della stagione.<\/span><\/p>\n<h3 style=\"text-align: center;\">JORGE NAVARRO #9 \u2013 3\u00b0<\/h3>\n\n\t\t<style type=\"text\/css\">\n\t\t\t#gallery-3 {\n\t\t\t\tmargin: auto;\n\t\t\t}\n\t\t\t#gallery-3 .gallery-item {\n\t\t\t\tfloat: left;\n\t\t\t\tmargin-top: 10px;\n\t\t\t\ttext-align: center;\n\t\t\t\twidth: 33%;\n\t\t\t}\n\t\t\t#gallery-3 img {\n\t\t\t\tborder: 2px solid #cfcfcf;\n\t\t\t}\n\t\t\t#gallery-3 .gallery-caption {\n\t\t\t\tmargin-left: 0;\n\t\t\t}\n\t\t\t\/* see gallery_shortcode() in wp-includes\/media.php *\/\n\t\t<\/style>\n\t\t<div id='gallery-3' class='gallery galleryid-6387 gallery-columns-3 gallery-size-medium'><dl class='gallery-item'>\n\t\t\t<dt class='gallery-icon landscape'>\n\t\t\t\t<a href='https:\/\/frentubo.it\/wp-content\/uploads\/2019\/11\/FREN_TUBO_-SPEED_UP_GP_VALENCIA-13.jpg'><img width=\"300\" height=\"200\" src=\"https:\/\/frentubo.it\/wp-content\/uploads\/2019\/11\/FREN_TUBO_-SPEED_UP_GP_VALENCIA-13-300x200.jpg\" class=\"attachment-medium size-medium\" alt=\"\" decoding=\"async\" loading=\"lazy\" srcset=\"https:\/\/frentubo.it\/wp-content\/uploads\/2019\/11\/FREN_TUBO_-SPEED_UP_GP_VALENCIA-13-300x200.jpg 300w, https:\/\/frentubo.it\/wp-content\/uploads\/2019\/11\/FREN_TUBO_-SPEED_UP_GP_VALENCIA-13-768x512.jpg 768w, https:\/\/frentubo.it\/wp-content\/uploads\/2019\/11\/FREN_TUBO_-SPEED_UP_GP_VALENCIA-13-1024x683.jpg 1024w, https:\/\/frentubo.it\/wp-content\/uploads\/2019\/11\/FREN_TUBO_-SPEED_UP_GP_VALENCIA-13.jpg 1200w\" sizes=\"(max-width: 300px) 100vw, 300px\" \/><\/a>\n\t\t\t<\/dt><\/dl><dl class='gallery-item'>\n\t\t\t<dt class='gallery-icon landscape'>\n\t\t\t\t<a href='https:\/\/frentubo.it\/wp-content\/uploads\/2019\/11\/FREN_TUBO_-SPEED_UP_GP_VALENCIA-2.jpg'><img width=\"300\" height=\"200\" src=\"https:\/\/frentubo.it\/wp-content\/uploads\/2019\/11\/FREN_TUBO_-SPEED_UP_GP_VALENCIA-2-300x200.jpg\" class=\"attachment-medium size-medium\" alt=\"\" decoding=\"async\" loading=\"lazy\" srcset=\"https:\/\/frentubo.it\/wp-content\/uploads\/2019\/11\/FREN_TUBO_-SPEED_UP_GP_VALENCIA-2-300x200.jpg 300w, https:\/\/frentubo.it\/wp-content\/uploads\/2019\/11\/FREN_TUBO_-SPEED_UP_GP_VALENCIA-2-768x512.jpg 768w, https:\/\/frentubo.it\/wp-content\/uploads\/2019\/11\/FREN_TUBO_-SPEED_UP_GP_VALENCIA-2-1024x683.jpg 1024w, https:\/\/frentubo.it\/wp-content\/uploads\/2019\/11\/FREN_TUBO_-SPEED_UP_GP_VALENCIA-2.jpg 1200w\" sizes=\"(max-width: 300px) 100vw, 300px\" \/><\/a>\n\t\t\t<\/dt><\/dl><dl class='gallery-item'>\n\t\t\t<dt class='gallery-icon landscape'>\n\t\t\t\t<a href='https:\/\/frentubo.it\/wp-content\/uploads\/2019\/11\/FREN_TUBO_-SPEED_UP_GP_VALENCIA-5.jpg'><img width=\"300\" height=\"200\" src=\"https:\/\/frentubo.it\/wp-content\/uploads\/2019\/11\/FREN_TUBO_-SPEED_UP_GP_VALENCIA-5-300x200.jpg\" class=\"attachment-medium size-medium\" alt=\"\" decoding=\"async\" loading=\"lazy\" srcset=\"https:\/\/frentubo.it\/wp-content\/uploads\/2019\/11\/FREN_TUBO_-SPEED_UP_GP_VALENCIA-5-300x200.jpg 300w, https:\/\/frentubo.it\/wp-content\/uploads\/2019\/11\/FREN_TUBO_-SPEED_UP_GP_VALENCIA-5-768x512.jpg 768w, https:\/\/frentubo.it\/wp-content\/uploads\/2019\/11\/FREN_TUBO_-SPEED_UP_GP_VALENCIA-5-1024x683.jpg 1024w, https:\/\/frentubo.it\/wp-content\/uploads\/2019\/11\/FREN_TUBO_-SPEED_UP_GP_VALENCIA-5.jpg 1200w\" sizes=\"(max-width: 300px) 100vw, 300px\" \/><\/a>\n\t\t\t<\/dt><\/dl><br style=\"clear: both\" \/>\n\t\t<\/div>\n\n<blockquote><p><strong>\u201c<\/strong><em>Una gara non facile oggi, ma siamo soddisfatti e felici di finire questo 2019 con un altro podio soprattutto qui nella mia terra. Questa mattina nel warm up avevamo messo a punto quei dettagli che ci mancavano ieri ed il feeling era ottimo, mi sentivo bene sopra la moto e gi\u00e0 nella mia testa sapevo che avremo potuto lottare per la vittoria. In gara per\u00f2 le condizioni sono cambiate, c\u2019era vento e ho sofferto dei problemi all\u2019anteriore in curva quando giravo, il feeling era cambiato e non ho potuto spingere di pi\u00f9. Ad ogni modo contento e voglio ringraziare il team per la fiducia riposta in me in questa stagione e per il gran lavoro che abbiamo fatto insieme, dalle pole position ai podi tutti. \u00c8 stato un anno incredibile e spero che il prossimo possa essere ancora migliore!<\/em><strong>\u201d<\/strong><\/p><\/blockquote>\n<h3 style=\"text-align: center;\">FABIO DI GIANNANTONIO #21\u00a0\u2013 9\u00b0 ROOKIE OF THE YEAR<\/h3>\n\n\t\t<style type=\"text\/css\">\n\t\t\t#gallery-4 {\n\t\t\t\tmargin: auto;\n\t\t\t}\n\t\t\t#gallery-4 .gallery-item {\n\t\t\t\tfloat: left;\n\t\t\t\tmargin-top: 10px;\n\t\t\t\ttext-align: center;\n\t\t\t\twidth: 33%;\n\t\t\t}\n\t\t\t#gallery-4 img {\n\t\t\t\tborder: 2px solid #cfcfcf;\n\t\t\t}\n\t\t\t#gallery-4 .gallery-caption {\n\t\t\t\tmargin-left: 0;\n\t\t\t}\n\t\t\t\/* see gallery_shortcode() in wp-includes\/media.php *\/\n\t\t<\/style>\n\t\t<div id='gallery-4' class='gallery galleryid-6387 gallery-columns-3 gallery-size-medium'><dl class='gallery-item'>\n\t\t\t<dt class='gallery-icon landscape'>\n\t\t\t\t<a href='https:\/\/frentubo.it\/wp-content\/uploads\/2019\/11\/FREN_TUBO_-SPEED_UP_GP_VALENCIA-6.jpg'><img width=\"300\" height=\"200\" src=\"https:\/\/frentubo.it\/wp-content\/uploads\/2019\/11\/FREN_TUBO_-SPEED_UP_GP_VALENCIA-6-300x200.jpg\" class=\"attachment-medium size-medium\" alt=\"\" decoding=\"async\" loading=\"lazy\" srcset=\"https:\/\/frentubo.it\/wp-content\/uploads\/2019\/11\/FREN_TUBO_-SPEED_UP_GP_VALENCIA-6-300x200.jpg 300w, https:\/\/frentubo.it\/wp-content\/uploads\/2019\/11\/FREN_TUBO_-SPEED_UP_GP_VALENCIA-6-768x512.jpg 768w, https:\/\/frentubo.it\/wp-content\/uploads\/2019\/11\/FREN_TUBO_-SPEED_UP_GP_VALENCIA-6-1024x683.jpg 1024w, https:\/\/frentubo.it\/wp-content\/uploads\/2019\/11\/FREN_TUBO_-SPEED_UP_GP_VALENCIA-6.jpg 1200w\" sizes=\"(max-width: 300px) 100vw, 300px\" \/><\/a>\n\t\t\t<\/dt><\/dl><dl class='gallery-item'>\n\t\t\t<dt class='gallery-icon landscape'>\n\t\t\t\t<a href='https:\/\/frentubo.it\/wp-content\/uploads\/2019\/11\/FREN_TUBO_-SPEED_UP_GP_VALENCIA-7.jpg'><img width=\"300\" height=\"200\" src=\"https:\/\/frentubo.it\/wp-content\/uploads\/2019\/11\/FREN_TUBO_-SPEED_UP_GP_VALENCIA-7-300x200.jpg\" class=\"attachment-medium size-medium\" alt=\"\" decoding=\"async\" loading=\"lazy\" srcset=\"https:\/\/frentubo.it\/wp-content\/uploads\/2019\/11\/FREN_TUBO_-SPEED_UP_GP_VALENCIA-7-300x200.jpg 300w, https:\/\/frentubo.it\/wp-content\/uploads\/2019\/11\/FREN_TUBO_-SPEED_UP_GP_VALENCIA-7-768x513.jpg 768w, https:\/\/frentubo.it\/wp-content\/uploads\/2019\/11\/FREN_TUBO_-SPEED_UP_GP_VALENCIA-7-1024x684.jpg 1024w, https:\/\/frentubo.it\/wp-content\/uploads\/2019\/11\/FREN_TUBO_-SPEED_UP_GP_VALENCIA-7.jpg 1200w\" sizes=\"(max-width: 300px) 100vw, 300px\" \/><\/a>\n\t\t\t<\/dt><\/dl><dl class='gallery-item'>\n\t\t\t<dt class='gallery-icon landscape'>\n\t\t\t\t<a href='https:\/\/frentubo.it\/wp-content\/uploads\/2019\/11\/FREN_TUBO_-SPEED_UP_GP_VALENCIA-22.jpg'><img width=\"300\" height=\"226\" src=\"https:\/\/frentubo.it\/wp-content\/uploads\/2019\/11\/FREN_TUBO_-SPEED_UP_GP_VALENCIA-22-300x226.jpg\" class=\"attachment-medium size-medium\" alt=\"\" decoding=\"async\" loading=\"lazy\" srcset=\"https:\/\/frentubo.it\/wp-content\/uploads\/2019\/11\/FREN_TUBO_-SPEED_UP_GP_VALENCIA-22-300x226.jpg 300w, https:\/\/frentubo.it\/wp-content\/uploads\/2019\/11\/FREN_TUBO_-SPEED_UP_GP_VALENCIA-22.jpg 391w\" sizes=\"(max-width: 300px) 100vw, 300px\" \/><\/a>\n\t\t\t<\/dt><\/dl><br style=\"clear: both\" \/>\n\t\t<\/div>\n\n<blockquote><p><strong>\u201c<\/strong><em>Bella giornata, siamo Rookie dell\u2019anno! Oggi in gara non ho spinto pi\u00f9 di tanto perch\u00e9 sapevo mi sarebbe bastato controllare le posizioni di Bastianini e Martin per essere Rookie e quindi \u00e8 stata una gara in gestione finita, comunque sia, in Top10 con una buona prestazione. Contentissimo! Un grazie a tutti i ragazzi del team, a tutta la mia squadra e agli sponsor per questo primo step fatto insieme quest\u2019anno. Daje!<\/em><strong>\u201d<\/strong><\/p><\/blockquote>\n","protected":false},"excerpt":{"rendered":"<p>Da Valencia, \u00e8 tutto. Si \u00e8 appena conclusa l\u2019ultima tappa spagnola che segna la fine del Campionato Mondiale Moto2. Il team MB Conveyors Speed Up ha voglia di lasciare il segno e ci riesce. Incontenibile Navarro, che gioca in casa e conquista abilmente la pole position. In gara, conserva il terzo posto giro dopo giro, &hellip;<\/p>\n","protected":false},"author":2,"featured_media":6392,"comment_status":"closed","ping_status":"closed","sticky":false,"template":"","format":"standard","meta":[],"categories":[16,7],"tags":[],"_links":{"self":[{"href":"https:\/\/frentubo.it\/it\/wp-json\/wp\/v2\/posts\/6387"}],"collection":[{"href":"https:\/\/frentubo.it\/it\/wp-json\/wp\/v2\/posts"}],"about":[{"href":"https:\/\/frentubo.it\/it\/wp-json\/wp\/v2\/types\/post"}],"author":[{"embeddable":true,"href":"https:\/\/frentubo.it\/it\/wp-json\/wp\/v2\/users\/2"}],"replies":[{"embeddable":true,"href":"https:\/\/frentubo.it\/it\/wp-json\/wp\/v2\/comments?post=6387"}],"version-history":[{"count":7,"href":"https:\/\/frentubo.it\/it\/wp-json\/wp\/v2\/posts\/6387\/revisions"}],"predecessor-version":[{"id":6433,"href":"https:\/\/frentubo.it\/it\/wp-json\/wp\/v2\/posts\/6387\/revisions\/6433"}],"wp:featuredmedia":[{"embeddable":true,"href":"https:\/\/frentubo.it\/it\/wp-json\/wp\/v2\/media\/6392"}],"wp:attachment":[{"href":"https:\/\/frentubo.it\/it\/wp-json\/wp\/v2\/media?parent=6387"}],"wp:term":[{"taxonomy":"category","embeddable":true,"href":"https:\/\/frentubo.it\/it\/wp-json\/wp\/v2\/categories?post=6387"},{"taxonomy":"post_tag","embeddable":true,"href":"https:\/\/frentubo.it\/it\/wp-json\/wp\/v2\/tags?post=6387"}],"curies":[{"name":"wp","href":"https:\/\/api.w.org\/{rel}","templated":true}]}}