{"id":6584,"date":"2020-02-11T13:50:21","date_gmt":"2020-02-11T13:50:21","guid":{"rendered":"https:\/\/frentubo.it\/?p=6584"},"modified":"2020-02-24T13:38:54","modified_gmt":"2020-02-24T13:38:54","slug":"speedup-conclude-con-successo-i-primi-test-a-jerez-de-la-frontera","status":"publish","type":"post","link":"https:\/\/frentubo.it\/it\/2020\/02\/speedup-conclude-con-successo-i-primi-test-a-jerez-de-la-frontera\/","title":{"rendered":"SPEEDUP CONCLUDE CON SUCCESSO I PRIMI TEST A JEREZ DE LA FRONTERA"},"content":{"rendered":"<p><span style=\"color: #000000;\">Piloti e team in ottima forma nella due giorni di test sul circuito spagnolo che ha dato il via ai test prestagionali di questo 2020.<\/span><\/p>\n<p><span style=\"color: #000000;\">A Jerez de la Frontera sono stati due giorni pieni di novit\u00e0, entusiasmo ed intenso lavoro per il team SpeedUp. Navarro e Di Giannantonio sono scesi in pista, pronti a rimettersi alla prova dopo la lunga pausa invernale trascorsa allenandosi duramente.<\/span><\/p>\n<p><span style=\"color: #000000;\"><img decoding=\"async\" loading=\"lazy\" class=\"aligncenter wp-image-6581 size-large\" src=\"https:\/\/frentubo.it\/wp-content\/uploads\/2018\/07\/grande-768x1024.jpg\" alt=\"\" width=\"768\" height=\"1024\" srcset=\"https:\/\/frentubo.it\/wp-content\/uploads\/2018\/07\/grande-768x1024.jpg 768w, https:\/\/frentubo.it\/wp-content\/uploads\/2018\/07\/grande-225x300.jpg 225w, https:\/\/frentubo.it\/wp-content\/uploads\/2018\/07\/grande.jpg 1200w\" sizes=\"(max-width: 768px) 100vw, 768px\" \/><\/span><\/p>\n<p><span style=\"color: #000000;\">I due portacolori del team hanno dedicando la prima parte del test al nuovo pneumatico introdotto da Dunlop adattando guida e messa a punto per poter sfruttare al meglio la nuova proposta.<\/span><\/p>\n<p><span style=\"color: #000000;\">Nella prima giornata Navarro ferma il suo crono in terza posizione in 1\u201941.993 a +0.152 dal primo della classifica, alle sue spalle Di Giannantonio in 1\u201942.072 stilato a fine giornata.<\/span><\/p>\n<p><span style=\"color: #000000;\">Il giorno seguente le due squadre hanno ripreso il lavoro concentrandosi sul passo gara. Lo spagnolo ha concluso il test al quarto posto abbassando ulteriormente il suo tempo in 1\u201941.830, 132 giri totali, ma a colpire \u00e8 il passo gara costante e veloce.<\/span><\/p>\n\n\t\t<style type=\"text\/css\">\n\t\t\t#gallery-1 {\n\t\t\t\tmargin: auto;\n\t\t\t}\n\t\t\t#gallery-1 .gallery-item {\n\t\t\t\tfloat: left;\n\t\t\t\tmargin-top: 10px;\n\t\t\t\ttext-align: center;\n\t\t\t\twidth: 50%;\n\t\t\t}\n\t\t\t#gallery-1 img {\n\t\t\t\tborder: 2px solid #cfcfcf;\n\t\t\t}\n\t\t\t#gallery-1 .gallery-caption {\n\t\t\t\tmargin-left: 0;\n\t\t\t}\n\t\t\t\/* see gallery_shortcode() in wp-includes\/media.php *\/\n\t\t<\/style>\n\t\t<div id='gallery-1' class='gallery galleryid-6584 gallery-columns-2 gallery-size-medium'><dl class='gallery-item'>\n\t\t\t<dt class='gallery-icon portrait'>\n\t\t\t\t<a href='https:\/\/frentubo.it\/wp-content\/uploads\/2020\/02\/85160706_2939904839405197_9051438775099457536_n.jpg'><img width=\"225\" height=\"300\" src=\"https:\/\/frentubo.it\/wp-content\/uploads\/2020\/02\/85160706_2939904839405197_9051438775099457536_n-225x300.jpg\" class=\"attachment-medium size-medium\" alt=\"\" decoding=\"async\" loading=\"lazy\" srcset=\"https:\/\/frentubo.it\/wp-content\/uploads\/2020\/02\/85160706_2939904839405197_9051438775099457536_n-225x300.jpg 225w, https:\/\/frentubo.it\/wp-content\/uploads\/2020\/02\/85160706_2939904839405197_9051438775099457536_n.jpg 720w\" sizes=\"(max-width: 225px) 100vw, 225px\" \/><\/a>\n\t\t\t<\/dt><\/dl><dl class='gallery-item'>\n\t\t\t<dt class='gallery-icon portrait'>\n\t\t\t\t<a href='https:\/\/frentubo.it\/wp-content\/uploads\/2020\/02\/84840258_2941881312540883_6302929055943491584_n.jpg'><img width=\"225\" height=\"300\" src=\"https:\/\/frentubo.it\/wp-content\/uploads\/2020\/02\/84840258_2941881312540883_6302929055943491584_n-225x300.jpg\" class=\"attachment-medium size-medium\" alt=\"\" decoding=\"async\" loading=\"lazy\" srcset=\"https:\/\/frentubo.it\/wp-content\/uploads\/2020\/02\/84840258_2941881312540883_6302929055943491584_n-225x300.jpg 225w, https:\/\/frentubo.it\/wp-content\/uploads\/2020\/02\/84840258_2941881312540883_6302929055943491584_n.jpg 720w\" sizes=\"(max-width: 225px) 100vw, 225px\" \/><\/a>\n\t\t\t<\/dt><\/dl><br style=\"clear: both\" \/>\n\t\t<\/div>\n\n<p><span style=\"color: #000000;\">Scende sotto il muro dei 42 anche Di Giannantonio con il crono di 1\u201941.913 posizionandosi sesto e confermando anch\u2019egli un ritmo elevato nel corso dei due giorni utilizzando solo gomme dure.<\/span><\/p>\n<p><span style=\"color: #000000;\">Il team sar\u00e0 impegnato in altri 2 test pre-campionato, entrambi ufficiali (Jerez 19\/20\/21 febbraio; Doha, Qatar 28-29-1 marzo) in vista del primo Gran Premio del Campionato Moto2 2020, che come da tradizione avr\u00e0 luogo domenica 8 marzo presso il circuito di Losail, Qatar.<img decoding=\"async\" loading=\"lazy\" class=\"aligncenter wp-image-6595 size-medium\" src=\"https:\/\/frentubo.it\/wp-content\/uploads\/2020\/02\/85094703_2942539522475062_7774314220815908864_n-225x300.jpg\" alt=\"\" width=\"225\" height=\"300\" srcset=\"https:\/\/frentubo.it\/wp-content\/uploads\/2020\/02\/85094703_2942539522475062_7774314220815908864_n-225x300.jpg 225w, https:\/\/frentubo.it\/wp-content\/uploads\/2020\/02\/85094703_2942539522475062_7774314220815908864_n.jpg 720w\" sizes=\"(max-width: 225px) 100vw, 225px\" \/><\/span><\/p>\n<blockquote><p><span style=\"color: #000000;\">Jorge Navarro #9:\u00a0<em>\u201cFinalmente questa lunga attesa \u00e8 finita! \u00c8 stato un inverno intenso in cui ho potuto lavorare molto su me stesso a livello fisico, tecnico e mentale. Ho analizzato i punti da migliorare in questo 2020 e son contento che anche il team abbia lavorato duramente concentrandosi appunto sulle debolezze della scorsa stagione.\u00a0<\/em><em>Son stati due giorni di test molto importanti perch\u00e9 dopo la lunga pausa son tornato ad avere ottime sensazioni in pista con la mia SpeedUp. Buono l\u2019approccio con il nuovo pneumatico anteriore Dunlop, non \u00e8 stato facile inizialmente ma siamo riusciti a capire come poterlo sfruttare il pi\u00f9 possibile trovando delle ottime soluzioni di messa a punto e di pilotaggio. Il ritmo \u00e8 stato ottimo, abbiamo lavorato molto sul passo gara ed i risultati sono stati a dir pochi soddisfacenti. Ci aspettano degli altri test prima dell\u2019inizio del campionato, siamo pronti a dare il massimo!\u201d.<\/em><em><br \/>\n<\/em><\/span><\/p><\/blockquote>\n<p><img decoding=\"async\" loading=\"lazy\" class=\"aligncenter wp-image-6586 size-medium\" src=\"https:\/\/frentubo.it\/wp-content\/uploads\/2020\/02\/84946348_2941881409207540_1478490960630382592_n-225x300.jpg\" alt=\"\" width=\"225\" height=\"300\" srcset=\"https:\/\/frentubo.it\/wp-content\/uploads\/2020\/02\/84946348_2941881409207540_1478490960630382592_n-225x300.jpg 225w, https:\/\/frentubo.it\/wp-content\/uploads\/2020\/02\/84946348_2941881409207540_1478490960630382592_n.jpg 720w\" sizes=\"(max-width: 225px) 100vw, 225px\" \/><\/p>\n<blockquote><p><span style=\"color: #000000;\">Fabio Di Giannantonio #21:\u00a0<em>\u201cPrimo test della stagione molto molto positivo! Ero carico e pronto a ripartire dopo un inverno passato senza salire in moto e devo dire che fa sempre un certo effetto. Mi mancava l\u2019asfalto, la velocit\u00e0, la mia squadra ma finalmente siamo ripartiti! Abbiamo lavorato bene, due giorni in cui abbiamo cercato di migliorare gli aspetti dove peccavamo l\u2019anno scorso e abbiamo migliorato qualcosina ma soprattutto abbiamo capito dove migliorare nei prossimi test prestagionali. Siamo andati forte e quindi non vedo l\u2019ora di tornare a Jerez la prossima settimana per continuare il lavoro che abbiamo iniziato\u201d.<\/em><\/span><\/p><\/blockquote>\n","protected":false},"excerpt":{"rendered":"<p>Piloti e team in ottima forma nella due giorni di test sul circuito spagnolo che ha dato il via ai test prestagionali di questo 2020. A Jerez de la Frontera sono stati due giorni pieni di novit\u00e0, entusiasmo ed intenso lavoro per il team SpeedUp. Navarro e Di Giannantonio sono scesi in pista, pronti a &hellip;<\/p>\n","protected":false},"author":2,"featured_media":6579,"comment_status":"closed","ping_status":"closed","sticky":false,"template":"","format":"standard","meta":[],"categories":[3,16,7],"tags":[],"_links":{"self":[{"href":"https:\/\/frentubo.it\/it\/wp-json\/wp\/v2\/posts\/6584"}],"collection":[{"href":"https:\/\/frentubo.it\/it\/wp-json\/wp\/v2\/posts"}],"about":[{"href":"https:\/\/frentubo.it\/it\/wp-json\/wp\/v2\/types\/post"}],"author":[{"embeddable":true,"href":"https:\/\/frentubo.it\/it\/wp-json\/wp\/v2\/users\/2"}],"replies":[{"embeddable":true,"href":"https:\/\/frentubo.it\/it\/wp-json\/wp\/v2\/comments?post=6584"}],"version-history":[{"count":8,"href":"https:\/\/frentubo.it\/it\/wp-json\/wp\/v2\/posts\/6584\/revisions"}],"predecessor-version":[{"id":6658,"href":"https:\/\/frentubo.it\/it\/wp-json\/wp\/v2\/posts\/6584\/revisions\/6658"}],"wp:featuredmedia":[{"embeddable":true,"href":"https:\/\/frentubo.it\/it\/wp-json\/wp\/v2\/media\/6579"}],"wp:attachment":[{"href":"https:\/\/frentubo.it\/it\/wp-json\/wp\/v2\/media?parent=6584"}],"wp:term":[{"taxonomy":"category","embeddable":true,"href":"https:\/\/frentubo.it\/it\/wp-json\/wp\/v2\/categories?post=6584"},{"taxonomy":"post_tag","embeddable":true,"href":"https:\/\/frentubo.it\/it\/wp-json\/wp\/v2\/tags?post=6584"}],"curies":[{"name":"wp","href":"https:\/\/api.w.org\/{rel}","templated":true}]}}