{"id":7391,"date":"2020-09-14T08:42:41","date_gmt":"2020-09-14T08:42:41","guid":{"rendered":"https:\/\/frentubo.it\/?p=7391"},"modified":"2020-09-14T08:42:41","modified_gmt":"2020-09-14T08:42:41","slug":"1-podio-in-assoluto-per-le-team-lcr-a-misano","status":"publish","type":"post","link":"https:\/\/frentubo.it\/it\/2020\/09\/1-podio-in-assoluto-per-le-team-lcr-a-misano\/","title":{"rendered":"1\u00b0 PODIO IN ASSOLUTO PER L&#8217;E-TEAM LCR A MISANO"},"content":{"rendered":"<p><span style=\"color: #000000;\"><strong>COMUNICATO STAMPA: 13 Settembre 2020 | GP di San Marino &#8211; Gara MotoE\u00a0<\/strong><\/span><\/p>\n<p><span style=\"color: #000000;\">Xavier Simeon ha conquistato il 2 \u00b0 posto dopo una superba corsa al Gran Premio Lenovo di San Marino e della Riviera di Rimini domenica. <\/span><\/p>\n\n\t\t<style type=\"text\/css\">\n\t\t\t#gallery-1 {\n\t\t\t\tmargin: auto;\n\t\t\t}\n\t\t\t#gallery-1 .gallery-item {\n\t\t\t\tfloat: left;\n\t\t\t\tmargin-top: 10px;\n\t\t\t\ttext-align: center;\n\t\t\t\twidth: 50%;\n\t\t\t}\n\t\t\t#gallery-1 img {\n\t\t\t\tborder: 2px solid #cfcfcf;\n\t\t\t}\n\t\t\t#gallery-1 .gallery-caption {\n\t\t\t\tmargin-left: 0;\n\t\t\t}\n\t\t\t\/* see gallery_shortcode() in wp-includes\/media.php *\/\n\t\t<\/style>\n\t\t<div id='gallery-1' class='gallery galleryid-7391 gallery-columns-2 gallery-size-medium'><dl class='gallery-item'>\n\t\t\t<dt class='gallery-icon landscape'>\n\t\t\t\t<a href='https:\/\/frentubo.it\/wp-content\/uploads\/2020\/09\/lcr_e-team_fren_tubo_gp_san_marino-12.jpg'><img width=\"300\" height=\"225\" src=\"https:\/\/frentubo.it\/wp-content\/uploads\/2020\/09\/lcr_e-team_fren_tubo_gp_san_marino-12-300x225.jpg\" class=\"attachment-medium size-medium\" alt=\"\" decoding=\"async\" loading=\"lazy\" srcset=\"https:\/\/frentubo.it\/wp-content\/uploads\/2020\/09\/lcr_e-team_fren_tubo_gp_san_marino-12-300x225.jpg 300w, https:\/\/frentubo.it\/wp-content\/uploads\/2020\/09\/lcr_e-team_fren_tubo_gp_san_marino-12-768x576.jpg 768w, https:\/\/frentubo.it\/wp-content\/uploads\/2020\/09\/lcr_e-team_fren_tubo_gp_san_marino-12-1024x768.jpg 1024w, https:\/\/frentubo.it\/wp-content\/uploads\/2020\/09\/lcr_e-team_fren_tubo_gp_san_marino-12.jpg 1600w\" sizes=\"(max-width: 300px) 100vw, 300px\" \/><\/a>\n\t\t\t<\/dt><\/dl><dl class='gallery-item'>\n\t\t\t<dt class='gallery-icon landscape'>\n\t\t\t\t<a href='https:\/\/frentubo.it\/wp-content\/uploads\/2020\/09\/lcr_e-team_fren_tubo_gp_san_marino-6.jpg'><img width=\"300\" height=\"225\" src=\"https:\/\/frentubo.it\/wp-content\/uploads\/2020\/09\/lcr_e-team_fren_tubo_gp_san_marino-6-300x225.jpg\" class=\"attachment-medium size-medium\" alt=\"\" decoding=\"async\" loading=\"lazy\" srcset=\"https:\/\/frentubo.it\/wp-content\/uploads\/2020\/09\/lcr_e-team_fren_tubo_gp_san_marino-6-300x225.jpg 300w, https:\/\/frentubo.it\/wp-content\/uploads\/2020\/09\/lcr_e-team_fren_tubo_gp_san_marino-6-768x576.jpg 768w, https:\/\/frentubo.it\/wp-content\/uploads\/2020\/09\/lcr_e-team_fren_tubo_gp_san_marino-6-1024x768.jpg 1024w, https:\/\/frentubo.it\/wp-content\/uploads\/2020\/09\/lcr_e-team_fren_tubo_gp_san_marino-6.jpg 1600w\" sizes=\"(max-width: 300px) 100vw, 300px\" \/><\/a>\n\t\t\t<\/dt><\/dl><br style=\"clear: both\" \/>\n\t\t<\/div>\n\n<p><span style=\"color: #000000;\">Il pilota dell&#8217;LCR E -Team ha approfittato della partenza in prima fila e ha ottenuto il suo primo podio da quando \u00e8 entrato a far parte del team nel 2020, che \u00e8 anche il primo podio in assoluto per il team in questa categoria.<\/span><\/p>\n\n\t\t<style type=\"text\/css\">\n\t\t\t#gallery-2 {\n\t\t\t\tmargin: auto;\n\t\t\t}\n\t\t\t#gallery-2 .gallery-item {\n\t\t\t\tfloat: left;\n\t\t\t\tmargin-top: 10px;\n\t\t\t\ttext-align: center;\n\t\t\t\twidth: 100%;\n\t\t\t}\n\t\t\t#gallery-2 img {\n\t\t\t\tborder: 2px solid #cfcfcf;\n\t\t\t}\n\t\t\t#gallery-2 .gallery-caption {\n\t\t\t\tmargin-left: 0;\n\t\t\t}\n\t\t\t\/* see gallery_shortcode() in wp-includes\/media.php *\/\n\t\t<\/style>\n\t\t<div id='gallery-2' class='gallery galleryid-7391 gallery-columns-1 gallery-size-large'><dl class='gallery-item'>\n\t\t\t<dt class='gallery-icon portrait'>\n\t\t\t\t<a href='https:\/\/frentubo.it\/wp-content\/uploads\/2020\/09\/lcr_e-team_fren_tubo_gp_san_marino-9.jpg'><img width=\"768\" height=\"1024\" src=\"https:\/\/frentubo.it\/wp-content\/uploads\/2020\/09\/lcr_e-team_fren_tubo_gp_san_marino-9-768x1024.jpg\" class=\"attachment-large size-large\" alt=\"\" decoding=\"async\" loading=\"lazy\" srcset=\"https:\/\/frentubo.it\/wp-content\/uploads\/2020\/09\/lcr_e-team_fren_tubo_gp_san_marino-9.jpg 768w, https:\/\/frentubo.it\/wp-content\/uploads\/2020\/09\/lcr_e-team_fren_tubo_gp_san_marino-9-225x300.jpg 225w\" sizes=\"(max-width: 768px) 100vw, 768px\" \/><\/a>\n\t\t\t<\/dt><\/dl><br style=\"clear: both\" \/>\n\t\t<\/div>\n\n<p><span style=\"color: #000000;\">Partito dalla 6 \u00b0 posizione in griglia, Niccol\u00f2 Canepa \u00e8 riuscito a muoversi in pista ma non al ritmo che avrebbe voluto, rivelando mancanza di feeling con la nuova moto Energica che gli \u00e8 stata regalata sabato. Alla fine, il pilota italiano ha concluso in 11 \u00b0 posizione ma \u00e8 fiducioso di poter fare risultati migliori la prossima settimana.<\/span><\/p>\n<p><span style=\"color: #000000;\"><img decoding=\"async\" loading=\"lazy\" class=\"alignnone wp-image-7355 size-large\" src=\"https:\/\/frentubo.it\/wp-content\/uploads\/2020\/09\/lcr_e-team_fren_tubo_gp_san_marino-23-1024x683.jpg\" alt=\"\" width=\"1024\" height=\"683\" srcset=\"https:\/\/frentubo.it\/wp-content\/uploads\/2020\/09\/lcr_e-team_fren_tubo_gp_san_marino-23-1024x683.jpg 1024w, https:\/\/frentubo.it\/wp-content\/uploads\/2020\/09\/lcr_e-team_fren_tubo_gp_san_marino-23-300x200.jpg 300w, https:\/\/frentubo.it\/wp-content\/uploads\/2020\/09\/lcr_e-team_fren_tubo_gp_san_marino-23-768x512.jpg 768w\" sizes=\"(max-width: 1024px) 100vw, 1024px\" \/><\/span><\/p>\n<h2 style=\"text-align: center;\"><span style=\"color: #000000;\"><strong>Xavier Simeon \u2013 2\u00b0<\/strong><\/span><\/h2>\n\n\t\t<style type=\"text\/css\">\n\t\t\t#gallery-3 {\n\t\t\t\tmargin: auto;\n\t\t\t}\n\t\t\t#gallery-3 .gallery-item {\n\t\t\t\tfloat: left;\n\t\t\t\tmargin-top: 10px;\n\t\t\t\ttext-align: center;\n\t\t\t\twidth: 50%;\n\t\t\t}\n\t\t\t#gallery-3 img {\n\t\t\t\tborder: 2px solid #cfcfcf;\n\t\t\t}\n\t\t\t#gallery-3 .gallery-caption {\n\t\t\t\tmargin-left: 0;\n\t\t\t}\n\t\t\t\/* see gallery_shortcode() in wp-includes\/media.php *\/\n\t\t<\/style>\n\t\t<div id='gallery-3' class='gallery galleryid-7391 gallery-columns-2 gallery-size-medium'><dl class='gallery-item'>\n\t\t\t<dt class='gallery-icon landscape'>\n\t\t\t\t<a href='https:\/\/frentubo.it\/wp-content\/uploads\/2020\/09\/lcr_e-team_fren_tubo_gp_san_marino-28.jpg'><img width=\"300\" height=\"225\" src=\"https:\/\/frentubo.it\/wp-content\/uploads\/2020\/09\/lcr_e-team_fren_tubo_gp_san_marino-28-300x225.jpg\" class=\"attachment-medium size-medium\" alt=\"\" decoding=\"async\" loading=\"lazy\" srcset=\"https:\/\/frentubo.it\/wp-content\/uploads\/2020\/09\/lcr_e-team_fren_tubo_gp_san_marino-28-300x225.jpg 300w, https:\/\/frentubo.it\/wp-content\/uploads\/2020\/09\/lcr_e-team_fren_tubo_gp_san_marino-28-768x576.jpg 768w, https:\/\/frentubo.it\/wp-content\/uploads\/2020\/09\/lcr_e-team_fren_tubo_gp_san_marino-28-1024x768.jpg 1024w, https:\/\/frentubo.it\/wp-content\/uploads\/2020\/09\/lcr_e-team_fren_tubo_gp_san_marino-28.jpg 1600w\" sizes=\"(max-width: 300px) 100vw, 300px\" \/><\/a>\n\t\t\t<\/dt><\/dl><dl class='gallery-item'>\n\t\t\t<dt class='gallery-icon landscape'>\n\t\t\t\t<a href='https:\/\/frentubo.it\/wp-content\/uploads\/2020\/09\/lcr_e-team_fren_tubo_gp_san_marino-25.jpg'><img width=\"300\" height=\"200\" src=\"https:\/\/frentubo.it\/wp-content\/uploads\/2020\/09\/lcr_e-team_fren_tubo_gp_san_marino-25-300x200.jpg\" class=\"attachment-medium size-medium\" alt=\"\" decoding=\"async\" loading=\"lazy\" srcset=\"https:\/\/frentubo.it\/wp-content\/uploads\/2020\/09\/lcr_e-team_fren_tubo_gp_san_marino-25-300x200.jpg 300w, https:\/\/frentubo.it\/wp-content\/uploads\/2020\/09\/lcr_e-team_fren_tubo_gp_san_marino-25-768x512.jpg 768w, https:\/\/frentubo.it\/wp-content\/uploads\/2020\/09\/lcr_e-team_fren_tubo_gp_san_marino-25-1024x683.jpg 1024w\" sizes=\"(max-width: 300px) 100vw, 300px\" \/><\/a>\n\t\t\t<\/dt><\/dl><br style=\"clear: both\" \/>\n\t\t<\/div>\n\n<blockquote><p><span style=\"color: #000000;\">\u201cSono molto contento per l\u2019ottimo risultato mio e della squadra. Venerd\u00ec non siamo stati cos\u00ec veloci come a Jerez ma come ho detto ieri abbiamo fatto un grande miglioramento sulla moto e partendo dalla prima fila abbiamo avuto un grande vantaggio. <\/span><\/p>\n<p><span style=\"color: #000000;\"><em>Penso che abbiamo fatto un&#8217;ottima gara. Avevo il ritmo per vincere, ma quando ho provato a sorpassare Cassadei ho fatto un piccolo errore, non sono riuscito a passare direttamente e subito dopo Ferrari mi ha attaccato, quindi ho perso una posizione. Ma potrei recuperare 2 secondi e tornare a prendere Ferrari. Comunque sono molto contento, la moto va molto meglio, mi sento molto pi\u00f9 a mio agio. Cercheremo di fare dei miglioramenti per il prossimo weekend, e proveremo ad arrivare primi.<\/em>\u201d<\/span><\/p><\/blockquote>\n<h2 style=\"text-align: center;\"><span style=\"color: #000000;\"><strong>Niccol\u00f2 Canepa \u2013 11\u00b0<\/strong><\/span><\/h2>\n<p><span style=\"color: #000000;\"><img decoding=\"async\" loading=\"lazy\" class=\"wp-image-7349 size-large aligncenter\" src=\"https:\/\/frentubo.it\/wp-content\/uploads\/2020\/09\/lcr_e-team_fren_tubo_gp_san_marino-20-1024x682.jpg\" alt=\"\" width=\"1024\" height=\"682\" srcset=\"https:\/\/frentubo.it\/wp-content\/uploads\/2020\/09\/lcr_e-team_fren_tubo_gp_san_marino-20-1024x682.jpg 1024w, https:\/\/frentubo.it\/wp-content\/uploads\/2020\/09\/lcr_e-team_fren_tubo_gp_san_marino-20-300x200.jpg 300w, https:\/\/frentubo.it\/wp-content\/uploads\/2020\/09\/lcr_e-team_fren_tubo_gp_san_marino-20-768x512.jpg 768w, https:\/\/frentubo.it\/wp-content\/uploads\/2020\/09\/lcr_e-team_fren_tubo_gp_san_marino-20.jpg 1600w\" sizes=\"(max-width: 1024px) 100vw, 1024px\" \/><\/span><\/p>\n<p>&nbsp;<\/p>\n<blockquote><p><span style=\"color: #000000;\">\u201cHo fatto del mio meglio ma sfortunatamente ho potuto fare solo un giro veloce corretto con la moto sull&#8217;E-Pole perch\u00e9 nella prima sessione ho avuto un problema tecnico con la catena e nella seconda e terza sessione ho sentito dei problemi con il telaio. Il team ha organizzato una moto di scorta nuova di zecca per l&#8217;E-Pole ed ero davvero contento ma non siamo riusciti a fare nessun tipo di set up perch\u00e9 non avevo giri. Impossibile migliorare la moto. <\/span><\/p>\n<p><span style=\"color: #000000;\"><em>\u00a0<\/em><em>\u00a0<\/em><em><br \/>\n<\/em>Ad ogni modo, abbiamo raccolto molte informazioni durante la gara e ho notato che negli ultimi 4 giri ho lo stesso tempo sul giro di Xavier. Ho fatto male i primi due giri perch\u00e9 non avevo una corretta impostazione per questo circuito. Fortunatamente c&#8217;\u00e8 un&#8217;altra gara la prossima settimana. Cercher\u00f2 di dare il massimo e di ottenere un buon risultato come merita la squadra perch\u00e9 penso che non abbiamo commesso errori questo fine settimana. Siamo stati davvero sfortunati con la moto sbagliata per 3 sessioni.\u201d<\/span><\/p><\/blockquote>\n<p><span style=\"color: #000000;\"><img decoding=\"async\" loading=\"lazy\" class=\" wp-image-7363 aligncenter\" src=\"https:\/\/frentubo.it\/wp-content\/uploads\/2020\/09\/lcr_e-team_fren_tubo_gp_san_marino-27-300x210.jpg\" alt=\"\" width=\"530\" height=\"372\" srcset=\"https:\/\/frentubo.it\/wp-content\/uploads\/2020\/09\/lcr_e-team_fren_tubo_gp_san_marino-27-300x210.jpg 300w, https:\/\/frentubo.it\/wp-content\/uploads\/2020\/09\/lcr_e-team_fren_tubo_gp_san_marino-27-768x537.jpg 768w, https:\/\/frentubo.it\/wp-content\/uploads\/2020\/09\/lcr_e-team_fren_tubo_gp_san_marino-27-1024x716.jpg 1024w, https:\/\/frentubo.it\/wp-content\/uploads\/2020\/09\/lcr_e-team_fren_tubo_gp_san_marino-27-170x120.jpg 170w\" sizes=\"(max-width: 530px) 100vw, 530px\" \/><\/span><\/p>\n<p><span style=\"color: #000000;\">\u00a0<\/span><\/p>\n<p><span style=\"color: #000000;\"><img decoding=\"async\" loading=\"lazy\" class=\"wp-image-6694 aligncenter\" src=\"https:\/\/frentubo.it\/wp-content\/uploads\/2020\/03\/SPONSORS-300x95.png\" alt=\"\" width=\"440\" height=\"139\" srcset=\"https:\/\/frentubo.it\/wp-content\/uploads\/2020\/03\/SPONSORS-300x95.png 300w, https:\/\/frentubo.it\/wp-content\/uploads\/2020\/03\/SPONSORS.png 664w\" sizes=\"(max-width: 440px) 100vw, 440px\" \/><\/span><\/p>\n","protected":false},"excerpt":{"rendered":"<p>COMUNICATO STAMPA: 13 Settembre 2020 | GP di San Marino &#8211; Gara MotoE\u00a0 Xavier Simeon ha conquistato il 2 \u00b0 posto dopo una superba corsa al Gran Premio Lenovo di San Marino e della Riviera di Rimini domenica. Il pilota dell&#8217;LCR E -Team ha approfittato della partenza in prima fila e ha ottenuto il suo &hellip;<\/p>\n","protected":false},"author":2,"featured_media":7354,"comment_status":"closed","ping_status":"closed","sticky":false,"template":"","format":"standard","meta":[],"categories":[16,7],"tags":[],"_links":{"self":[{"href":"https:\/\/frentubo.it\/it\/wp-json\/wp\/v2\/posts\/7391"}],"collection":[{"href":"https:\/\/frentubo.it\/it\/wp-json\/wp\/v2\/posts"}],"about":[{"href":"https:\/\/frentubo.it\/it\/wp-json\/wp\/v2\/types\/post"}],"author":[{"embeddable":true,"href":"https:\/\/frentubo.it\/it\/wp-json\/wp\/v2\/users\/2"}],"replies":[{"embeddable":true,"href":"https:\/\/frentubo.it\/it\/wp-json\/wp\/v2\/comments?post=7391"}],"version-history":[{"count":2,"href":"https:\/\/frentubo.it\/it\/wp-json\/wp\/v2\/posts\/7391\/revisions"}],"predecessor-version":[{"id":7393,"href":"https:\/\/frentubo.it\/it\/wp-json\/wp\/v2\/posts\/7391\/revisions\/7393"}],"wp:featuredmedia":[{"embeddable":true,"href":"https:\/\/frentubo.it\/it\/wp-json\/wp\/v2\/media\/7354"}],"wp:attachment":[{"href":"https:\/\/frentubo.it\/it\/wp-json\/wp\/v2\/media?parent=7391"}],"wp:term":[{"taxonomy":"category","embeddable":true,"href":"https:\/\/frentubo.it\/it\/wp-json\/wp\/v2\/categories?post=7391"},{"taxonomy":"post_tag","embeddable":true,"href":"https:\/\/frentubo.it\/it\/wp-json\/wp\/v2\/tags?post=7391"}],"curies":[{"name":"wp","href":"https:\/\/api.w.org\/{rel}","templated":true}]}}