{"id":7964,"date":"2020-11-23T10:08:34","date_gmt":"2020-11-23T10:08:34","guid":{"rendered":"https:\/\/frentubo.it\/?p=7964"},"modified":"2020-11-24T10:12:08","modified_gmt":"2020-11-24T10:12:08","slug":"gran-rimonta-di-taka-che-si-classifica-primo-pilota-hrc-a-portimao","status":"publish","type":"post","link":"https:\/\/frentubo.it\/it\/2020\/11\/gran-rimonta-di-taka-che-si-classifica-primo-pilota-hrc-a-portimao\/","title":{"rendered":"GRAN RIMONTA DI TAKA CHE SI CLASSIFICA PRIMO PILOTA HRC A PORTIMAO"},"content":{"rendered":"<p><span style=\"color: #000000;\"><strong>22 Novembre 2020\u00a0| GP del Portogallo<\/strong><\/span><\/p>\n\n\t\t<style type=\"text\/css\">\n\t\t\t#gallery-1 {\n\t\t\t\tmargin: auto;\n\t\t\t}\n\t\t\t#gallery-1 .gallery-item {\n\t\t\t\tfloat: left;\n\t\t\t\tmargin-top: 10px;\n\t\t\t\ttext-align: center;\n\t\t\t\twidth: 33%;\n\t\t\t}\n\t\t\t#gallery-1 img {\n\t\t\t\tborder: 2px solid #cfcfcf;\n\t\t\t}\n\t\t\t#gallery-1 .gallery-caption {\n\t\t\t\tmargin-left: 0;\n\t\t\t}\n\t\t\t\/* see gallery_shortcode() in wp-includes\/media.php *\/\n\t\t<\/style>\n\t\t<div id='gallery-1' class='gallery galleryid-7964 gallery-columns-3 gallery-size-large'><dl class='gallery-item'>\n\t\t\t<dt class='gallery-icon landscape'>\n\t\t\t\t<a href='https:\/\/frentubo.it\/wp-content\/uploads\/2020\/11\/portuguese_gp_lcr_honda_frentubo_motogp_2020-6.jpg'><img width=\"1024\" height=\"683\" src=\"https:\/\/frentubo.it\/wp-content\/uploads\/2020\/11\/portuguese_gp_lcr_honda_frentubo_motogp_2020-6-1024x683.jpg\" class=\"attachment-large size-large\" alt=\"\" decoding=\"async\" loading=\"lazy\" srcset=\"https:\/\/frentubo.it\/wp-content\/uploads\/2020\/11\/portuguese_gp_lcr_honda_frentubo_motogp_2020-6-1024x683.jpg 1024w, https:\/\/frentubo.it\/wp-content\/uploads\/2020\/11\/portuguese_gp_lcr_honda_frentubo_motogp_2020-6-300x200.jpg 300w, https:\/\/frentubo.it\/wp-content\/uploads\/2020\/11\/portuguese_gp_lcr_honda_frentubo_motogp_2020-6-768x512.jpg 768w\" sizes=\"(max-width: 1024px) 100vw, 1024px\" \/><\/a>\n\t\t\t<\/dt><\/dl><dl class='gallery-item'>\n\t\t\t<dt class='gallery-icon landscape'>\n\t\t\t\t<a href='https:\/\/frentubo.it\/wp-content\/uploads\/2020\/11\/portuguese_gp_lcr_honda_frentubo_motogp_2020-9.jpg'><img width=\"1024\" height=\"683\" src=\"https:\/\/frentubo.it\/wp-content\/uploads\/2020\/11\/portuguese_gp_lcr_honda_frentubo_motogp_2020-9-1024x683.jpg\" class=\"attachment-large size-large\" alt=\"\" decoding=\"async\" loading=\"lazy\" srcset=\"https:\/\/frentubo.it\/wp-content\/uploads\/2020\/11\/portuguese_gp_lcr_honda_frentubo_motogp_2020-9-1024x683.jpg 1024w, https:\/\/frentubo.it\/wp-content\/uploads\/2020\/11\/portuguese_gp_lcr_honda_frentubo_motogp_2020-9-300x200.jpg 300w, https:\/\/frentubo.it\/wp-content\/uploads\/2020\/11\/portuguese_gp_lcr_honda_frentubo_motogp_2020-9-768x512.jpg 768w\" sizes=\"(max-width: 1024px) 100vw, 1024px\" \/><\/a>\n\t\t\t<\/dt><\/dl><dl class='gallery-item'>\n\t\t\t<dt class='gallery-icon landscape'>\n\t\t\t\t<a href='https:\/\/frentubo.it\/wp-content\/uploads\/2020\/11\/portuguese_gp_lcr_honda_frentubo_motogp_2020-7.jpg'><img width=\"1024\" height=\"683\" src=\"https:\/\/frentubo.it\/wp-content\/uploads\/2020\/11\/portuguese_gp_lcr_honda_frentubo_motogp_2020-7-1024x683.jpg\" class=\"attachment-large size-large\" alt=\"\" decoding=\"async\" loading=\"lazy\" srcset=\"https:\/\/frentubo.it\/wp-content\/uploads\/2020\/11\/portuguese_gp_lcr_honda_frentubo_motogp_2020-7-1024x683.jpg 1024w, https:\/\/frentubo.it\/wp-content\/uploads\/2020\/11\/portuguese_gp_lcr_honda_frentubo_motogp_2020-7-300x200.jpg 300w, https:\/\/frentubo.it\/wp-content\/uploads\/2020\/11\/portuguese_gp_lcr_honda_frentubo_motogp_2020-7-768x512.jpg 768w\" sizes=\"(max-width: 1024px) 100vw, 1024px\" \/><\/a>\n\t\t\t<\/dt><\/dl><br style=\"clear: both\" \/>\n\t\t<\/div>\n\n<p><span style=\"color: #000000;\">Takaaki Nakagami ha concluso il Campionato del Mondo MotoGP con grinta, agguantando il quinto posto nel Gran Premio del Portogallo.<\/span><\/p>\n\n\t\t<style type=\"text\/css\">\n\t\t\t#gallery-2 {\n\t\t\t\tmargin: auto;\n\t\t\t}\n\t\t\t#gallery-2 .gallery-item {\n\t\t\t\tfloat: left;\n\t\t\t\tmargin-top: 10px;\n\t\t\t\ttext-align: center;\n\t\t\t\twidth: 33%;\n\t\t\t}\n\t\t\t#gallery-2 img {\n\t\t\t\tborder: 2px solid #cfcfcf;\n\t\t\t}\n\t\t\t#gallery-2 .gallery-caption {\n\t\t\t\tmargin-left: 0;\n\t\t\t}\n\t\t\t\/* see gallery_shortcode() in wp-includes\/media.php *\/\n\t\t<\/style>\n\t\t<div id='gallery-2' class='gallery galleryid-7964 gallery-columns-3 gallery-size-large'><dl class='gallery-item'>\n\t\t\t<dt class='gallery-icon landscape'>\n\t\t\t\t<a href='https:\/\/frentubo.it\/wp-content\/uploads\/2020\/11\/portuguese_gp_lcr_honda_frentubo_motogp_2020-5.jpg'><img width=\"1024\" height=\"683\" src=\"https:\/\/frentubo.it\/wp-content\/uploads\/2020\/11\/portuguese_gp_lcr_honda_frentubo_motogp_2020-5-1024x683.jpg\" class=\"attachment-large size-large\" alt=\"\" decoding=\"async\" loading=\"lazy\" srcset=\"https:\/\/frentubo.it\/wp-content\/uploads\/2020\/11\/portuguese_gp_lcr_honda_frentubo_motogp_2020-5-1024x683.jpg 1024w, https:\/\/frentubo.it\/wp-content\/uploads\/2020\/11\/portuguese_gp_lcr_honda_frentubo_motogp_2020-5-300x200.jpg 300w, https:\/\/frentubo.it\/wp-content\/uploads\/2020\/11\/portuguese_gp_lcr_honda_frentubo_motogp_2020-5-768x512.jpg 768w\" sizes=\"(max-width: 1024px) 100vw, 1024px\" \/><\/a>\n\t\t\t<\/dt><\/dl><dl class='gallery-item'>\n\t\t\t<dt class='gallery-icon landscape'>\n\t\t\t\t<a href='https:\/\/frentubo.it\/wp-content\/uploads\/2020\/11\/portuguese_gp_lcr_honda_frentubo_motogp_2020-2.jpg'><img width=\"1024\" height=\"683\" src=\"https:\/\/frentubo.it\/wp-content\/uploads\/2020\/11\/portuguese_gp_lcr_honda_frentubo_motogp_2020-2-1024x683.jpg\" class=\"attachment-large size-large\" alt=\"\" decoding=\"async\" loading=\"lazy\" srcset=\"https:\/\/frentubo.it\/wp-content\/uploads\/2020\/11\/portuguese_gp_lcr_honda_frentubo_motogp_2020-2-1024x683.jpg 1024w, https:\/\/frentubo.it\/wp-content\/uploads\/2020\/11\/portuguese_gp_lcr_honda_frentubo_motogp_2020-2-300x200.jpg 300w, https:\/\/frentubo.it\/wp-content\/uploads\/2020\/11\/portuguese_gp_lcr_honda_frentubo_motogp_2020-2-768x512.jpg 768w\" sizes=\"(max-width: 1024px) 100vw, 1024px\" \/><\/a>\n\t\t\t<\/dt><\/dl><dl class='gallery-item'>\n\t\t\t<dt class='gallery-icon landscape'>\n\t\t\t\t<a href='https:\/\/frentubo.it\/wp-content\/uploads\/2020\/11\/portuguese_gp_lcr_honda_frentubo_motogp_2020-3.jpg'><img width=\"1024\" height=\"683\" src=\"https:\/\/frentubo.it\/wp-content\/uploads\/2020\/11\/portuguese_gp_lcr_honda_frentubo_motogp_2020-3-1024x683.jpg\" class=\"attachment-large size-large\" alt=\"\" decoding=\"async\" loading=\"lazy\" srcset=\"https:\/\/frentubo.it\/wp-content\/uploads\/2020\/11\/portuguese_gp_lcr_honda_frentubo_motogp_2020-3-1024x683.jpg 1024w, https:\/\/frentubo.it\/wp-content\/uploads\/2020\/11\/portuguese_gp_lcr_honda_frentubo_motogp_2020-3-300x200.jpg 300w, https:\/\/frentubo.it\/wp-content\/uploads\/2020\/11\/portuguese_gp_lcr_honda_frentubo_motogp_2020-3-768x512.jpg 768w\" sizes=\"(max-width: 1024px) 100vw, 1024px\" \/><\/a>\n\t\t\t<\/dt><\/dl><br style=\"clear: both\" \/>\n\t\t<\/div>\n\n<p><span style=\"color: #000000;\">Secondo durante il warm-up della mattina e partendo dalla quarta fila della griglia, il pilota LCR Honda Idemitsu ha mostrato intelligenza e un ritmo superbo a fine gara, rivendicando un altro risultato notevole in quella che si \u00e8 rivelata la sua stagione di svolta.<\/span><\/p>\n<p><span style=\"color: #000000;\"><img decoding=\"async\" loading=\"lazy\" class=\"aligncenter wp-image-7954 size-large\" src=\"https:\/\/frentubo.it\/wp-content\/uploads\/2020\/11\/portuguese_gp_lcr_honda_frentubo_motogp_2020-4-1024x683.jpg\" alt=\"\" width=\"1024\" height=\"683\" srcset=\"https:\/\/frentubo.it\/wp-content\/uploads\/2020\/11\/portuguese_gp_lcr_honda_frentubo_motogp_2020-4-1024x683.jpg 1024w, https:\/\/frentubo.it\/wp-content\/uploads\/2020\/11\/portuguese_gp_lcr_honda_frentubo_motogp_2020-4-300x200.jpg 300w, https:\/\/frentubo.it\/wp-content\/uploads\/2020\/11\/portuguese_gp_lcr_honda_frentubo_motogp_2020-4-768x512.jpg 768w\" sizes=\"(max-width: 1024px) 100vw, 1024px\" \/><\/span><\/p>\n<h2 style=\"text-align: center;\"><span style=\"color: #000000;\">Takaaki Nakagami \u2013 5\u00b0<\/span><\/h2>\n<blockquote><p><span style=\"color: #000000;\">\u201cPrima di tutto voglio ringraziare la mia squadra perch\u00e9 questa stagione \u00e8 stata piuttosto dura con pochissimi momenti di riposo, ma nonostante ci\u00f2 hanno sempre dato il massimo, quindi grazie davvero a tutti loro. Grazie anche a Cal e a tutti gli sponsor; Cal \u00e8 stato un grande compagno di squadra in questi tre anni e voglio augurargli il meglio per il futuro<em>.<\/em><\/span><\/p><\/blockquote>\n\n\t\t<style type=\"text\/css\">\n\t\t\t#gallery-3 {\n\t\t\t\tmargin: auto;\n\t\t\t}\n\t\t\t#gallery-3 .gallery-item {\n\t\t\t\tfloat: left;\n\t\t\t\tmargin-top: 10px;\n\t\t\t\ttext-align: center;\n\t\t\t\twidth: 33%;\n\t\t\t}\n\t\t\t#gallery-3 img {\n\t\t\t\tborder: 2px solid #cfcfcf;\n\t\t\t}\n\t\t\t#gallery-3 .gallery-caption {\n\t\t\t\tmargin-left: 0;\n\t\t\t}\n\t\t\t\/* see gallery_shortcode() in wp-includes\/media.php *\/\n\t\t<\/style>\n\t\t<div id='gallery-3' class='gallery galleryid-7964 gallery-columns-3 gallery-size-medium'><dl class='gallery-item'>\n\t\t\t<dt class='gallery-icon landscape'>\n\t\t\t\t<a href='https:\/\/frentubo.it\/wp-content\/uploads\/2020\/11\/portuguese_gp_lcr_honda_frentubo_motogp_2020-11.jpg'><img width=\"300\" height=\"200\" src=\"https:\/\/frentubo.it\/wp-content\/uploads\/2020\/11\/portuguese_gp_lcr_honda_frentubo_motogp_2020-11-300x200.jpg\" class=\"attachment-medium size-medium\" alt=\"\" decoding=\"async\" loading=\"lazy\" srcset=\"https:\/\/frentubo.it\/wp-content\/uploads\/2020\/11\/portuguese_gp_lcr_honda_frentubo_motogp_2020-11-300x200.jpg 300w, https:\/\/frentubo.it\/wp-content\/uploads\/2020\/11\/portuguese_gp_lcr_honda_frentubo_motogp_2020-11-768x512.jpg 768w, https:\/\/frentubo.it\/wp-content\/uploads\/2020\/11\/portuguese_gp_lcr_honda_frentubo_motogp_2020-11-1024x683.jpg 1024w\" sizes=\"(max-width: 300px) 100vw, 300px\" \/><\/a>\n\t\t\t<\/dt><\/dl><dl class='gallery-item'>\n\t\t\t<dt class='gallery-icon landscape'>\n\t\t\t\t<a href='https:\/\/frentubo.it\/wp-content\/uploads\/2020\/11\/portuguese_gp_lcr_honda_frentubo_motogp_2020-8.jpg'><img width=\"300\" height=\"200\" src=\"https:\/\/frentubo.it\/wp-content\/uploads\/2020\/11\/portuguese_gp_lcr_honda_frentubo_motogp_2020-8-300x200.jpg\" class=\"attachment-medium size-medium\" alt=\"\" decoding=\"async\" loading=\"lazy\" srcset=\"https:\/\/frentubo.it\/wp-content\/uploads\/2020\/11\/portuguese_gp_lcr_honda_frentubo_motogp_2020-8-300x200.jpg 300w, https:\/\/frentubo.it\/wp-content\/uploads\/2020\/11\/portuguese_gp_lcr_honda_frentubo_motogp_2020-8-768x512.jpg 768w, https:\/\/frentubo.it\/wp-content\/uploads\/2020\/11\/portuguese_gp_lcr_honda_frentubo_motogp_2020-8-1024x683.jpg 1024w\" sizes=\"(max-width: 300px) 100vw, 300px\" \/><\/a>\n\t\t\t<\/dt><\/dl><dl class='gallery-item'>\n\t\t\t<dt class='gallery-icon landscape'>\n\t\t\t\t<a href='https:\/\/frentubo.it\/wp-content\/uploads\/2020\/11\/portuguese_gp_lcr_honda_frentubo_motogp_2020-12.jpg'><img width=\"300\" height=\"200\" src=\"https:\/\/frentubo.it\/wp-content\/uploads\/2020\/11\/portuguese_gp_lcr_honda_frentubo_motogp_2020-12-300x200.jpg\" class=\"attachment-medium size-medium\" alt=\"\" decoding=\"async\" loading=\"lazy\" srcset=\"https:\/\/frentubo.it\/wp-content\/uploads\/2020\/11\/portuguese_gp_lcr_honda_frentubo_motogp_2020-12-300x200.jpg 300w, https:\/\/frentubo.it\/wp-content\/uploads\/2020\/11\/portuguese_gp_lcr_honda_frentubo_motogp_2020-12-768x512.jpg 768w, https:\/\/frentubo.it\/wp-content\/uploads\/2020\/11\/portuguese_gp_lcr_honda_frentubo_motogp_2020-12-1024x683.jpg 1024w\" sizes=\"(max-width: 300px) 100vw, 300px\" \/><\/a>\n\t\t\t<\/dt><\/dl><br style=\"clear: both\" \/>\n\t\t<\/div>\n\n<blockquote><p><span style=\"color: #000000;\"><em>Oggi \u00e8 stato difficile trovare la strategia giusta, ma sono partito bene ed ero davvero veloce sin dall&#8217;inizio. \u00c8 stata una bella gara, molto combattuta, e sono anche soddisfatto dei tempi sul giro. Nel complesso, con la mia prestazione in questa stagione rispetto alla scorsa, abbiamo fatto un grande passo in avanti, quindi voglio ringraziare nuovamente la squadra e non vediamo l&#8217;ora che arrivi la prossima stagione. L\u2019obbiettivo sar\u00e0 lottare per il Campionato. Ci vediamo l&#8217;anno prossimo!<\/em>\u201d<\/span><\/p><\/blockquote>\n<p>&nbsp;<\/p>\n<p>&nbsp;<\/p>\n<p><span style=\"color: #000000;\"><img decoding=\"async\" loading=\"lazy\" class=\"wp-image-7944 aligncenter\" src=\"https:\/\/frentubo.it\/wp-content\/uploads\/2020\/11\/portuguese_gp_lcr_honda_frentubo_motogp_2020-13-300x253.jpg\" alt=\"\" width=\"467\" height=\"393\" srcset=\"https:\/\/frentubo.it\/wp-content\/uploads\/2020\/11\/portuguese_gp_lcr_honda_frentubo_motogp_2020-13-300x253.jpg 300w, https:\/\/frentubo.it\/wp-content\/uploads\/2020\/11\/portuguese_gp_lcr_honda_frentubo_motogp_2020-13.jpg 600w\" sizes=\"(max-width: 467px) 100vw, 467px\" \/><\/span><\/p>\n<p><span style=\"color: #000000;\"><img decoding=\"async\" loading=\"lazy\" class=\" wp-image-6567 aligncenter\" src=\"https:\/\/frentubo.it\/wp-content\/uploads\/2018\/07\/ImmagineN-2.png\" alt=\"\" width=\"395\" height=\"209\" srcset=\"https:\/\/frentubo.it\/wp-content\/uploads\/2018\/07\/ImmagineN-2.png 529w, https:\/\/frentubo.it\/wp-content\/uploads\/2018\/07\/ImmagineN-2-300x159.png 300w\" sizes=\"(max-width: 395px) 100vw, 395px\" \/><\/span><\/p>\n","protected":false},"excerpt":{"rendered":"<p>22 Novembre 2020\u00a0| GP del Portogallo Takaaki Nakagami ha concluso il Campionato del Mondo MotoGP con grinta, agguantando il quinto posto nel Gran Premio del Portogallo. Secondo durante il warm-up della mattina e partendo dalla quarta fila della griglia, il pilota LCR Honda Idemitsu ha mostrato intelligenza e un ritmo superbo a fine gara, rivendicando &hellip;<\/p>\n","protected":false},"author":2,"featured_media":7939,"comment_status":"closed","ping_status":"closed","sticky":false,"template":"","format":"standard","meta":[],"categories":[16,7],"tags":[],"_links":{"self":[{"href":"https:\/\/frentubo.it\/it\/wp-json\/wp\/v2\/posts\/7964"}],"collection":[{"href":"https:\/\/frentubo.it\/it\/wp-json\/wp\/v2\/posts"}],"about":[{"href":"https:\/\/frentubo.it\/it\/wp-json\/wp\/v2\/types\/post"}],"author":[{"embeddable":true,"href":"https:\/\/frentubo.it\/it\/wp-json\/wp\/v2\/users\/2"}],"replies":[{"embeddable":true,"href":"https:\/\/frentubo.it\/it\/wp-json\/wp\/v2\/comments?post=7964"}],"version-history":[{"count":1,"href":"https:\/\/frentubo.it\/it\/wp-json\/wp\/v2\/posts\/7964\/revisions"}],"predecessor-version":[{"id":7965,"href":"https:\/\/frentubo.it\/it\/wp-json\/wp\/v2\/posts\/7964\/revisions\/7965"}],"wp:featuredmedia":[{"embeddable":true,"href":"https:\/\/frentubo.it\/it\/wp-json\/wp\/v2\/media\/7939"}],"wp:attachment":[{"href":"https:\/\/frentubo.it\/it\/wp-json\/wp\/v2\/media?parent=7964"}],"wp:term":[{"taxonomy":"category","embeddable":true,"href":"https:\/\/frentubo.it\/it\/wp-json\/wp\/v2\/categories?post=7964"},{"taxonomy":"post_tag","embeddable":true,"href":"https:\/\/frentubo.it\/it\/wp-json\/wp\/v2\/tags?post=7964"}],"curies":[{"name":"wp","href":"https:\/\/api.w.org\/{rel}","templated":true}]}}