{"id":8987,"date":"2021-06-06T18:09:14","date_gmt":"2021-06-06T18:09:14","guid":{"rendered":"https:\/\/frentubo.it\/?p=8987"},"modified":"2021-06-07T13:50:24","modified_gmt":"2021-06-07T13:50:24","slug":"fantastica-vittoria-per-miquel-pons-a-barcellona","status":"publish","type":"post","link":"https:\/\/frentubo.it\/it\/2021\/06\/fantastica-vittoria-per-miquel-pons-a-barcellona\/","title":{"rendered":"FANTASTICA VITTORIA PER MIQUEL PONS A BARCELLONA"},"content":{"rendered":"<p dir=\"ltr\" data-placeholder=\"Traduzione\"><span style=\"color: #000000;\"><strong>6 giugno 2021 | GP di Catalogna<\/strong><\/span><\/p>\n<p class=\"tw-data-text tw-text-large XcVN5d tw-ta\" dir=\"ltr\" data-placeholder=\"Traduzione\"><span class=\"Y2IQFc\" lang=\"it\" style=\"color: #000000;\">Indimenticabile prima vittoria per l&#8217;E-team LCR al Circuit de Barcelona-Catalunya.<\/span><\/p>\n\n\t\t<style type=\"text\/css\">\n\t\t\t#gallery-1 {\n\t\t\t\tmargin: auto;\n\t\t\t}\n\t\t\t#gallery-1 .gallery-item {\n\t\t\t\tfloat: left;\n\t\t\t\tmargin-top: 10px;\n\t\t\t\ttext-align: center;\n\t\t\t\twidth: 33%;\n\t\t\t}\n\t\t\t#gallery-1 img {\n\t\t\t\tborder: 2px solid #cfcfcf;\n\t\t\t}\n\t\t\t#gallery-1 .gallery-caption {\n\t\t\t\tmargin-left: 0;\n\t\t\t}\n\t\t\t\/* see gallery_shortcode() in wp-includes\/media.php *\/\n\t\t<\/style>\n\t\t<div id='gallery-1' class='gallery galleryid-8987 gallery-columns-3 gallery-size-medium'><dl class='gallery-item'>\n\t\t\t<dt class='gallery-icon landscape'>\n\t\t\t\t<a href='https:\/\/frentubo.it\/wp-content\/uploads\/2021\/06\/moto_e_catalunya_gp_lcr_fren_tubo-9.jpg'><img width=\"300\" height=\"169\" src=\"https:\/\/frentubo.it\/wp-content\/uploads\/2021\/06\/moto_e_catalunya_gp_lcr_fren_tubo-9-300x169.jpg\" class=\"attachment-medium size-medium\" alt=\"\" decoding=\"async\" loading=\"lazy\" srcset=\"https:\/\/frentubo.it\/wp-content\/uploads\/2021\/06\/moto_e_catalunya_gp_lcr_fren_tubo-9-300x169.jpg 300w, https:\/\/frentubo.it\/wp-content\/uploads\/2021\/06\/moto_e_catalunya_gp_lcr_fren_tubo-9-768x432.jpg 768w, https:\/\/frentubo.it\/wp-content\/uploads\/2021\/06\/moto_e_catalunya_gp_lcr_fren_tubo-9-1024x576.jpg 1024w, https:\/\/frentubo.it\/wp-content\/uploads\/2021\/06\/moto_e_catalunya_gp_lcr_fren_tubo-9.jpg 1280w\" sizes=\"(max-width: 300px) 100vw, 300px\" \/><\/a>\n\t\t\t<\/dt><\/dl><dl class='gallery-item'>\n\t\t\t<dt class='gallery-icon landscape'>\n\t\t\t\t<a href='https:\/\/frentubo.it\/wp-content\/uploads\/2021\/06\/moto_e_catalunya_gp_lcr_fren_tubo-8.jpg'><img width=\"300\" height=\"168\" src=\"https:\/\/frentubo.it\/wp-content\/uploads\/2021\/06\/moto_e_catalunya_gp_lcr_fren_tubo-8-300x168.jpg\" class=\"attachment-medium size-medium\" alt=\"\" decoding=\"async\" loading=\"lazy\" srcset=\"https:\/\/frentubo.it\/wp-content\/uploads\/2021\/06\/moto_e_catalunya_gp_lcr_fren_tubo-8-300x168.jpg 300w, https:\/\/frentubo.it\/wp-content\/uploads\/2021\/06\/moto_e_catalunya_gp_lcr_fren_tubo-8-768x430.jpg 768w, https:\/\/frentubo.it\/wp-content\/uploads\/2021\/06\/moto_e_catalunya_gp_lcr_fren_tubo-8-1024x573.jpg 1024w, https:\/\/frentubo.it\/wp-content\/uploads\/2021\/06\/moto_e_catalunya_gp_lcr_fren_tubo-8.jpg 1600w\" sizes=\"(max-width: 300px) 100vw, 300px\" \/><\/a>\n\t\t\t<\/dt><\/dl><dl class='gallery-item'>\n\t\t\t<dt class='gallery-icon landscape'>\n\t\t\t\t<a href='https:\/\/frentubo.it\/wp-content\/uploads\/2021\/06\/moto_e_catalunya_gp_lcr_fren_tubo-5.jpg'><img width=\"300\" height=\"160\" src=\"https:\/\/frentubo.it\/wp-content\/uploads\/2021\/06\/moto_e_catalunya_gp_lcr_fren_tubo-5-300x160.jpg\" class=\"attachment-medium size-medium\" alt=\"\" decoding=\"async\" loading=\"lazy\" srcset=\"https:\/\/frentubo.it\/wp-content\/uploads\/2021\/06\/moto_e_catalunya_gp_lcr_fren_tubo-5-300x160.jpg 300w, https:\/\/frentubo.it\/wp-content\/uploads\/2021\/06\/moto_e_catalunya_gp_lcr_fren_tubo-5-768x410.jpg 768w, https:\/\/frentubo.it\/wp-content\/uploads\/2021\/06\/moto_e_catalunya_gp_lcr_fren_tubo-5-1024x547.jpg 1024w, https:\/\/frentubo.it\/wp-content\/uploads\/2021\/06\/moto_e_catalunya_gp_lcr_fren_tubo-5-118x64.jpg 118w, https:\/\/frentubo.it\/wp-content\/uploads\/2021\/06\/moto_e_catalunya_gp_lcr_fren_tubo-5.jpg 1600w\" sizes=\"(max-width: 300px) 100vw, 300px\" \/><\/a>\n\t\t\t<\/dt><\/dl><br style=\"clear: both\" \/>\n\t\t<\/div>\n\n<p class=\"tw-data-text tw-text-large XcVN5d tw-ta\" dir=\"ltr\" data-placeholder=\"Traduzione\"><span class=\"Y2IQFc\" lang=\"it\" style=\"color: #000000;\">Il pilota spagnolo Miquel Pons si \u00e8 assicurato la sua prima vittoria nella classe elettrica, la Coppa del Mondo FIM Enel MotoE 2021.<\/span><\/p>\n<p class=\"tw-data-text tw-text-large XcVN5d tw-ta\" dir=\"ltr\" data-placeholder=\"Traduzione\"><span class=\"Y2IQFc\" lang=\"it\" style=\"color: #000000;\"> Dopo essersi qualificato 4\u00b0 durante l&#8217;e-pole di sabato, lo spagnolo si \u00e8 spinto in avanti con costanza e ha ottenuto la sua prima vittoria con i colori LCR.<\/span><\/p>\n<p class=\"tw-data-text tw-text-large XcVN5d tw-ta\" dir=\"ltr\" data-placeholder=\"Traduzione\"><span class=\"Y2IQFc\" lang=\"it\" style=\"color: #000000;\"><a href=\"https:\/\/frentubo.it\/wp-content\/uploads\/2021\/06\/moto_e_catalunya_gp_lcr_fren_tubo-25.jpg\"><img decoding=\"async\" loading=\"lazy\" class=\"aligncenter size-full wp-image-9024\" src=\"https:\/\/frentubo.it\/wp-content\/uploads\/2021\/06\/moto_e_catalunya_gp_lcr_fren_tubo-25.jpg\" alt=\"\" width=\"1024\" height=\"857\" srcset=\"https:\/\/frentubo.it\/wp-content\/uploads\/2021\/06\/moto_e_catalunya_gp_lcr_fren_tubo-25.jpg 1024w, https:\/\/frentubo.it\/wp-content\/uploads\/2021\/06\/moto_e_catalunya_gp_lcr_fren_tubo-25-300x251.jpg 300w, https:\/\/frentubo.it\/wp-content\/uploads\/2021\/06\/moto_e_catalunya_gp_lcr_fren_tubo-25-768x643.jpg 768w\" sizes=\"(max-width: 1024px) 100vw, 1024px\" \/><\/a> <\/span><\/p>\n<p class=\"tw-data-text tw-text-large XcVN5d tw-ta\" dir=\"ltr\" data-placeholder=\"Traduzione\"><span class=\"Y2IQFc\" lang=\"it\" style=\"color: #000000;\">Il compagno di squadra Kevin Zannoni ha chiuso a punti chiudendo 12\u00b0 sul tracciato catalano.<\/span><\/p>\n<p class=\"tw-data-text tw-text-large XcVN5d tw-ta\" dir=\"ltr\" data-placeholder=\"Traduzione\"><span style=\"color: #000000;\"><span class=\"Y2IQFc\" lang=\"it\"> \u00c8 un giorno speciale per il Team LCR che,\u00a0<\/span>con questa vittoria, ha vinto in ogni categoria in cui abbia mai gareggiato, proprio\u00a0nell&#8217;anno del suo 25\u00b0 anniversario.<\/span><\/p>\n<p class=\"tw-data-text tw-text-large XcVN5d tw-ta\" dir=\"ltr\" data-placeholder=\"Traduzione\"><span class=\"Y2IQFc\" lang=\"it\" style=\"color: #000000;\">Pons ha guadagnato punti significativi con questa vittoria ed \u00e8 ora 4\u00b0 nella classifica generale dei piloti. <\/span><\/p>\n<p class=\"tw-data-text tw-text-large XcVN5d tw-ta\" dir=\"ltr\" data-placeholder=\"Traduzione\"><span class=\"Y2IQFc\" lang=\"it\" style=\"color: #000000;\">Vedremo l&#8217;LCR E-Team di nuovo in pista per il 4\u00b0 round della Coppa del Mondo FIM Enel MotoE 2021 tra 3 settimane, sul leggendario TT Circuit Assen.<\/span><\/p>\n<h2 dir=\"ltr\" style=\"text-align: center;\" data-placeholder=\"Traduzione\"><span style=\"color: #000000;\"><strong>Miquel Pons \u2013 1\u00b0<\/strong><\/span><\/h2>\n\n\t\t<style type=\"text\/css\">\n\t\t\t#gallery-2 {\n\t\t\t\tmargin: auto;\n\t\t\t}\n\t\t\t#gallery-2 .gallery-item {\n\t\t\t\tfloat: left;\n\t\t\t\tmargin-top: 10px;\n\t\t\t\ttext-align: center;\n\t\t\t\twidth: 33%;\n\t\t\t}\n\t\t\t#gallery-2 img {\n\t\t\t\tborder: 2px solid #cfcfcf;\n\t\t\t}\n\t\t\t#gallery-2 .gallery-caption {\n\t\t\t\tmargin-left: 0;\n\t\t\t}\n\t\t\t\/* see gallery_shortcode() in wp-includes\/media.php *\/\n\t\t<\/style>\n\t\t<div id='gallery-2' class='gallery galleryid-8987 gallery-columns-3 gallery-size-medium'><dl class='gallery-item'>\n\t\t\t<dt class='gallery-icon landscape'>\n\t\t\t\t<a href='https:\/\/frentubo.it\/wp-content\/uploads\/2021\/06\/moto_e_catalunya_gp_lcr_fren_tubo-43.jpg'><img width=\"300\" height=\"200\" src=\"https:\/\/frentubo.it\/wp-content\/uploads\/2021\/06\/moto_e_catalunya_gp_lcr_fren_tubo-43-300x200.jpg\" class=\"attachment-medium size-medium\" alt=\"\" decoding=\"async\" loading=\"lazy\" srcset=\"https:\/\/frentubo.it\/wp-content\/uploads\/2021\/06\/moto_e_catalunya_gp_lcr_fren_tubo-43-300x200.jpg 300w, https:\/\/frentubo.it\/wp-content\/uploads\/2021\/06\/moto_e_catalunya_gp_lcr_fren_tubo-43-768x512.jpg 768w, https:\/\/frentubo.it\/wp-content\/uploads\/2021\/06\/moto_e_catalunya_gp_lcr_fren_tubo-43-1024x683.jpg 1024w\" sizes=\"(max-width: 300px) 100vw, 300px\" \/><\/a>\n\t\t\t<\/dt><\/dl><dl class='gallery-item'>\n\t\t\t<dt class='gallery-icon landscape'>\n\t\t\t\t<a href='https:\/\/frentubo.it\/wp-content\/uploads\/2021\/06\/moto_e_catalunya_gp_lcr_fren_tubo-41.jpg'><img width=\"300\" height=\"200\" src=\"https:\/\/frentubo.it\/wp-content\/uploads\/2021\/06\/moto_e_catalunya_gp_lcr_fren_tubo-41-300x200.jpg\" class=\"attachment-medium size-medium\" alt=\"\" decoding=\"async\" loading=\"lazy\" srcset=\"https:\/\/frentubo.it\/wp-content\/uploads\/2021\/06\/moto_e_catalunya_gp_lcr_fren_tubo-41-300x200.jpg 300w, https:\/\/frentubo.it\/wp-content\/uploads\/2021\/06\/moto_e_catalunya_gp_lcr_fren_tubo-41-768x512.jpg 768w, https:\/\/frentubo.it\/wp-content\/uploads\/2021\/06\/moto_e_catalunya_gp_lcr_fren_tubo-41-1024x683.jpg 1024w\" sizes=\"(max-width: 300px) 100vw, 300px\" \/><\/a>\n\t\t\t<\/dt><\/dl><dl class='gallery-item'>\n\t\t\t<dt class='gallery-icon landscape'>\n\t\t\t\t<a href='https:\/\/frentubo.it\/wp-content\/uploads\/2021\/06\/moto_e_catalunya_gp_lcr_fren_tubo-3.jpg'><img width=\"300\" height=\"167\" src=\"https:\/\/frentubo.it\/wp-content\/uploads\/2021\/06\/moto_e_catalunya_gp_lcr_fren_tubo-3-300x167.jpg\" class=\"attachment-medium size-medium\" alt=\"\" decoding=\"async\" loading=\"lazy\" srcset=\"https:\/\/frentubo.it\/wp-content\/uploads\/2021\/06\/moto_e_catalunya_gp_lcr_fren_tubo-3-300x167.jpg 300w, https:\/\/frentubo.it\/wp-content\/uploads\/2021\/06\/moto_e_catalunya_gp_lcr_fren_tubo-3-768x428.jpg 768w, https:\/\/frentubo.it\/wp-content\/uploads\/2021\/06\/moto_e_catalunya_gp_lcr_fren_tubo-3-1024x571.jpg 1024w, https:\/\/frentubo.it\/wp-content\/uploads\/2021\/06\/moto_e_catalunya_gp_lcr_fren_tubo-3.jpg 1600w\" sizes=\"(max-width: 300px) 100vw, 300px\" \/><\/a>\n\t\t\t<\/dt><\/dl><br style=\"clear: both\" \/>\n\t\t<\/div>\n\n<p id=\"tw-target-text\" class=\"tw-data-text tw-text-large XcVN5d tw-ta\" dir=\"ltr\" data-placeholder=\"Traduzione\"><span class=\"Y2IQFc\" lang=\"it\" style=\"color: #000000;\">Prima di tutto, vorrei dedicare questa vittoria alla mia famiglia, alla mia squadra e al mio caro amico Jason. So che mi stava guardando dall&#8217;alto. Verso la fine della gara mi sentivo forte, sentivo che potevo spingere un po&#8217; di pi\u00f9, quindi l&#8217;ho fatto, ed eccoci qua. Non vedo l&#8217;ora di tornare a gareggiare ad Assen.<\/span><\/p>\n<h2 dir=\"ltr\" style=\"text-align: center;\" data-placeholder=\"Traduzione\"><span style=\"color: #000000;\"><strong>Kevin Zannoni \u2013 12\u00b0<\/strong><\/span><\/h2>\n\n\t\t<style type=\"text\/css\">\n\t\t\t#gallery-3 {\n\t\t\t\tmargin: auto;\n\t\t\t}\n\t\t\t#gallery-3 .gallery-item {\n\t\t\t\tfloat: left;\n\t\t\t\tmargin-top: 10px;\n\t\t\t\ttext-align: center;\n\t\t\t\twidth: 33%;\n\t\t\t}\n\t\t\t#gallery-3 img {\n\t\t\t\tborder: 2px solid #cfcfcf;\n\t\t\t}\n\t\t\t#gallery-3 .gallery-caption {\n\t\t\t\tmargin-left: 0;\n\t\t\t}\n\t\t\t\/* see gallery_shortcode() in wp-includes\/media.php *\/\n\t\t<\/style>\n\t\t<div id='gallery-3' class='gallery galleryid-8987 gallery-columns-3 gallery-size-medium'><dl class='gallery-item'>\n\t\t\t<dt class='gallery-icon landscape'>\n\t\t\t\t<a href='https:\/\/frentubo.it\/wp-content\/uploads\/2021\/06\/moto_e_catalunya_gp_lcr_fren_tubo-44.jpg'><img width=\"300\" height=\"200\" src=\"https:\/\/frentubo.it\/wp-content\/uploads\/2021\/06\/moto_e_catalunya_gp_lcr_fren_tubo-44-300x200.jpg\" class=\"attachment-medium size-medium\" alt=\"\" decoding=\"async\" loading=\"lazy\" srcset=\"https:\/\/frentubo.it\/wp-content\/uploads\/2021\/06\/moto_e_catalunya_gp_lcr_fren_tubo-44-300x200.jpg 300w, https:\/\/frentubo.it\/wp-content\/uploads\/2021\/06\/moto_e_catalunya_gp_lcr_fren_tubo-44-768x512.jpg 768w, https:\/\/frentubo.it\/wp-content\/uploads\/2021\/06\/moto_e_catalunya_gp_lcr_fren_tubo-44-1024x683.jpg 1024w\" sizes=\"(max-width: 300px) 100vw, 300px\" \/><\/a>\n\t\t\t<\/dt><\/dl><dl class='gallery-item'>\n\t\t\t<dt class='gallery-icon landscape'>\n\t\t\t\t<a href='https:\/\/frentubo.it\/wp-content\/uploads\/2021\/06\/moto_e_catalunya_gp_lcr_fren_tubo-33.jpg'><img width=\"300\" height=\"200\" src=\"https:\/\/frentubo.it\/wp-content\/uploads\/2021\/06\/moto_e_catalunya_gp_lcr_fren_tubo-33-300x200.jpg\" class=\"attachment-medium size-medium\" alt=\"\" decoding=\"async\" loading=\"lazy\" srcset=\"https:\/\/frentubo.it\/wp-content\/uploads\/2021\/06\/moto_e_catalunya_gp_lcr_fren_tubo-33-300x200.jpg 300w, https:\/\/frentubo.it\/wp-content\/uploads\/2021\/06\/moto_e_catalunya_gp_lcr_fren_tubo-33-768x512.jpg 768w, https:\/\/frentubo.it\/wp-content\/uploads\/2021\/06\/moto_e_catalunya_gp_lcr_fren_tubo-33-1024x683.jpg 1024w\" sizes=\"(max-width: 300px) 100vw, 300px\" \/><\/a>\n\t\t\t<\/dt><\/dl><dl class='gallery-item'>\n\t\t\t<dt class='gallery-icon landscape'>\n\t\t\t\t<a href='https:\/\/frentubo.it\/wp-content\/uploads\/2021\/06\/moto_e_catalunya_gp_lcr_fren_tubo-18.jpg'><img width=\"300\" height=\"200\" src=\"https:\/\/frentubo.it\/wp-content\/uploads\/2021\/06\/moto_e_catalunya_gp_lcr_fren_tubo-18-300x200.jpg\" class=\"attachment-medium size-medium\" alt=\"\" decoding=\"async\" loading=\"lazy\" srcset=\"https:\/\/frentubo.it\/wp-content\/uploads\/2021\/06\/moto_e_catalunya_gp_lcr_fren_tubo-18-300x200.jpg 300w, https:\/\/frentubo.it\/wp-content\/uploads\/2021\/06\/moto_e_catalunya_gp_lcr_fren_tubo-18-768x512.jpg 768w, https:\/\/frentubo.it\/wp-content\/uploads\/2021\/06\/moto_e_catalunya_gp_lcr_fren_tubo-18-1024x683.jpg 1024w\" sizes=\"(max-width: 300px) 100vw, 300px\" \/><\/a>\n\t\t\t<\/dt><\/dl><br style=\"clear: both\" \/>\n\t\t<\/div>\n\n<p id=\"tw-target-text\" class=\"tw-data-text tw-text-large XcVN5d tw-ta\" dir=\"ltr\" data-placeholder=\"Traduzione\"><span class=\"Y2IQFc\" lang=\"it\" style=\"color: #000000;\">\u00c8 stata una buona gara per me perch\u00e9 ho migliorato il mio tempo sul giro e il mio feeling con la moto. \u00c8 stato bello. Penso che sia un buon passo avanti, dobbiamo ancora lavorare per rimanere nelle prime posizioni ma sono sicuro che possiamo arrivarci. Vedremo ad Assen. Vorrei ringraziare la mia squadra per il loro duro lavoro e congratularmi con il mio compagno di squadra per aver vinto la gara di oggi.<\/span><\/p>\n<p dir=\"ltr\" data-placeholder=\"Traduzione\"><img decoding=\"async\" loading=\"lazy\" class=\" wp-image-9014 aligncenter\" src=\"https:\/\/frentubo.it\/wp-content\/uploads\/2021\/06\/moto_e_catalunya_gp_lcr_fren_tubo-20.jpg\" alt=\"\" width=\"670\" height=\"500\" srcset=\"https:\/\/frentubo.it\/wp-content\/uploads\/2021\/06\/moto_e_catalunya_gp_lcr_fren_tubo-20.jpg 600w, https:\/\/frentubo.it\/wp-content\/uploads\/2021\/06\/moto_e_catalunya_gp_lcr_fren_tubo-20-300x224.jpg 300w\" sizes=\"(max-width: 670px) 100vw, 670px\" \/><\/p>\n<p dir=\"ltr\" data-placeholder=\"Traduzione\"><img decoding=\"async\" loading=\"lazy\" class=\"size-full wp-image-8375 aligncenter\" src=\"https:\/\/frentubo.it\/wp-content\/uploads\/2018\/07\/NEW_E-LCR_HONDA_TEAM-1.png\" alt=\"\" width=\"601\" height=\"318\" srcset=\"https:\/\/frentubo.it\/wp-content\/uploads\/2018\/07\/NEW_E-LCR_HONDA_TEAM-1.png 601w, https:\/\/frentubo.it\/wp-content\/uploads\/2018\/07\/NEW_E-LCR_HONDA_TEAM-1-300x159.png 300w\" sizes=\"(max-width: 601px) 100vw, 601px\" \/><\/p>\n","protected":false},"excerpt":{"rendered":"<p>6 giugno 2021 | GP di Catalogna Indimenticabile prima vittoria per l&#8217;E-team LCR al Circuit de Barcelona-Catalunya. Il pilota spagnolo Miquel Pons si \u00e8 assicurato la sua prima vittoria nella classe elettrica, la Coppa del Mondo FIM Enel MotoE 2021. Dopo essersi qualificato 4\u00b0 durante l&#8217;e-pole di sabato, lo spagnolo si \u00e8 spinto in avanti &hellip;<\/p>\n","protected":false},"author":1,"featured_media":9044,"comment_status":"closed","ping_status":"closed","sticky":false,"template":"","format":"standard","meta":[],"categories":[3,8,16],"tags":[],"_links":{"self":[{"href":"https:\/\/frentubo.it\/it\/wp-json\/wp\/v2\/posts\/8987"}],"collection":[{"href":"https:\/\/frentubo.it\/it\/wp-json\/wp\/v2\/posts"}],"about":[{"href":"https:\/\/frentubo.it\/it\/wp-json\/wp\/v2\/types\/post"}],"author":[{"embeddable":true,"href":"https:\/\/frentubo.it\/it\/wp-json\/wp\/v2\/users\/1"}],"replies":[{"embeddable":true,"href":"https:\/\/frentubo.it\/it\/wp-json\/wp\/v2\/comments?post=8987"}],"version-history":[{"count":10,"href":"https:\/\/frentubo.it\/it\/wp-json\/wp\/v2\/posts\/8987\/revisions"}],"predecessor-version":[{"id":9078,"href":"https:\/\/frentubo.it\/it\/wp-json\/wp\/v2\/posts\/8987\/revisions\/9078"}],"wp:featuredmedia":[{"embeddable":true,"href":"https:\/\/frentubo.it\/it\/wp-json\/wp\/v2\/media\/9044"}],"wp:attachment":[{"href":"https:\/\/frentubo.it\/it\/wp-json\/wp\/v2\/media?parent=8987"}],"wp:term":[{"taxonomy":"category","embeddable":true,"href":"https:\/\/frentubo.it\/it\/wp-json\/wp\/v2\/categories?post=8987"},{"taxonomy":"post_tag","embeddable":true,"href":"https:\/\/frentubo.it\/it\/wp-json\/wp\/v2\/tags?post=8987"}],"curies":[{"name":"wp","href":"https:\/\/api.w.org\/{rel}","templated":true}]}}