{"id":9636,"date":"2021-11-07T18:14:33","date_gmt":"2021-11-07T18:14:33","guid":{"rendered":"https:\/\/frentubo.it\/?p=9636"},"modified":"2021-11-23T09:27:37","modified_gmt":"2021-11-23T09:27:37","slug":"alex-marquez-e-il-miglior-pilota-honda-a-portimao","status":"publish","type":"post","link":"https:\/\/frentubo.it\/it\/2021\/11\/alex-marquez-e-il-miglior-pilota-honda-a-portimao\/","title":{"rendered":"\u00c1LEX M\u00c1RQUEZ E&#8217; IL MIGLIOR PILOTA HONDA A PORTIMAO"},"content":{"rendered":"<p><span style=\"color: #000000;\"><strong>7 Novembre 2021 | GP del Portogallo<\/strong><\/span><\/p>\n<h2 style=\"text-align: center;\"><span style=\"color: #000000;\"><strong>\u00c1lex M\u00e1rquez \u2013 4\u00b0<\/strong><\/span><\/h2>\n\n\t\t<style type=\"text\/css\">\n\t\t\t#gallery-1 {\n\t\t\t\tmargin: auto;\n\t\t\t}\n\t\t\t#gallery-1 .gallery-item {\n\t\t\t\tfloat: left;\n\t\t\t\tmargin-top: 10px;\n\t\t\t\ttext-align: center;\n\t\t\t\twidth: 33%;\n\t\t\t}\n\t\t\t#gallery-1 img {\n\t\t\t\tborder: 2px solid #cfcfcf;\n\t\t\t}\n\t\t\t#gallery-1 .gallery-caption {\n\t\t\t\tmargin-left: 0;\n\t\t\t}\n\t\t\t\/* see gallery_shortcode() in wp-includes\/media.php *\/\n\t\t<\/style>\n\t\t<div id='gallery-1' class='gallery galleryid-9636 gallery-columns-3 gallery-size-medium'><dl class='gallery-item'>\n\t\t\t<dt class='gallery-icon landscape'>\n\t\t\t\t<a href='https:\/\/frentubo.it\/wp-content\/uploads\/2021\/11\/alex_marquez_lcr_frentubo_gp_portugal-2.jpg'><img width=\"300\" height=\"200\" src=\"https:\/\/frentubo.it\/wp-content\/uploads\/2021\/11\/alex_marquez_lcr_frentubo_gp_portugal-2-300x200.jpg\" class=\"attachment-medium size-medium\" alt=\"\" decoding=\"async\" loading=\"lazy\" srcset=\"https:\/\/frentubo.it\/wp-content\/uploads\/2021\/11\/alex_marquez_lcr_frentubo_gp_portugal-2-300x200.jpg 300w, https:\/\/frentubo.it\/wp-content\/uploads\/2021\/11\/alex_marquez_lcr_frentubo_gp_portugal-2-768x512.jpg 768w, https:\/\/frentubo.it\/wp-content\/uploads\/2021\/11\/alex_marquez_lcr_frentubo_gp_portugal-2-1024x683.jpg 1024w\" sizes=\"(max-width: 300px) 100vw, 300px\" \/><\/a>\n\t\t\t<\/dt><\/dl><dl class='gallery-item'>\n\t\t\t<dt class='gallery-icon landscape'>\n\t\t\t\t<a href='https:\/\/frentubo.it\/wp-content\/uploads\/2021\/11\/alex_marquez_lcr_frentubo_gp_portugal-6.jpg'><img width=\"300\" height=\"200\" src=\"https:\/\/frentubo.it\/wp-content\/uploads\/2021\/11\/alex_marquez_lcr_frentubo_gp_portugal-6-300x200.jpg\" class=\"attachment-medium size-medium\" alt=\"\" decoding=\"async\" loading=\"lazy\" srcset=\"https:\/\/frentubo.it\/wp-content\/uploads\/2021\/11\/alex_marquez_lcr_frentubo_gp_portugal-6-300x200.jpg 300w, https:\/\/frentubo.it\/wp-content\/uploads\/2021\/11\/alex_marquez_lcr_frentubo_gp_portugal-6-768x512.jpg 768w, https:\/\/frentubo.it\/wp-content\/uploads\/2021\/11\/alex_marquez_lcr_frentubo_gp_portugal-6-1024x683.jpg 1024w\" sizes=\"(max-width: 300px) 100vw, 300px\" \/><\/a>\n\t\t\t<\/dt><\/dl><dl class='gallery-item'>\n\t\t\t<dt class='gallery-icon landscape'>\n\t\t\t\t<a href='https:\/\/frentubo.it\/wp-content\/uploads\/2021\/11\/alex_marquez_lcr_frentubo_gp_portugal-3.jpg'><img width=\"300\" height=\"200\" src=\"https:\/\/frentubo.it\/wp-content\/uploads\/2021\/11\/alex_marquez_lcr_frentubo_gp_portugal-3-300x200.jpg\" class=\"attachment-medium size-medium\" alt=\"\" decoding=\"async\" loading=\"lazy\" srcset=\"https:\/\/frentubo.it\/wp-content\/uploads\/2021\/11\/alex_marquez_lcr_frentubo_gp_portugal-3-300x200.jpg 300w, https:\/\/frentubo.it\/wp-content\/uploads\/2021\/11\/alex_marquez_lcr_frentubo_gp_portugal-3-768x512.jpg 768w, https:\/\/frentubo.it\/wp-content\/uploads\/2021\/11\/alex_marquez_lcr_frentubo_gp_portugal-3-1024x683.jpg 1024w\" sizes=\"(max-width: 300px) 100vw, 300px\" \/><\/a>\n\t\t\t<\/dt><\/dl><br style=\"clear: both\" \/>\n\t\t<\/div>\n\n<p style=\"text-align: left;\"><span style=\"color: #000000;\"><em><span class=\"Y2IQFc\" lang=\"it\">&#8220;Sono davvero, davvero felice. Nel complesso, penso che abbiamo fatto benissimo questo fine settimana. Prima di tutto voglio ringraziare la mia squadra perch\u00e9 ha sempre creduto in me e questa \u00e8 la cosa pi\u00f9 importante per un pilota. Risultati come questo ci danno una spinta per non mollare mai e per continuare nel nostro lavoro per questo progetto. Dobbiamo essere felici, \u00e8 stata una gara davvero dura, sono partito bene e poi ho cercato di mantenere il mio ritmo. Dobbiamo ancora gestire e migliorare alcune cose, ma sono davvero contento per il weekend\u201d.<\/span><\/em><em>&#8220;<\/em><\/span><\/p>\n<p style=\"text-align: left;\"><span style=\"color: #000000;\"><a style=\"color: #000000;\" href=\"https:\/\/frentubo.it\/wp-content\/uploads\/2021\/11\/alex_marquez_lcr_frentubo_gp_portugal-1.jpg\"><img decoding=\"async\" loading=\"lazy\" class=\"aligncenter wp-image-9612 size-large\" src=\"https:\/\/frentubo.it\/wp-content\/uploads\/2021\/11\/alex_marquez_lcr_frentubo_gp_portugal-1-1024x683.jpg\" alt=\"\" width=\"1024\" height=\"683\" srcset=\"https:\/\/frentubo.it\/wp-content\/uploads\/2021\/11\/alex_marquez_lcr_frentubo_gp_portugal-1-1024x683.jpg 1024w, https:\/\/frentubo.it\/wp-content\/uploads\/2021\/11\/alex_marquez_lcr_frentubo_gp_portugal-1-300x200.jpg 300w, https:\/\/frentubo.it\/wp-content\/uploads\/2021\/11\/alex_marquez_lcr_frentubo_gp_portugal-1-768x512.jpg 768w\" sizes=\"(max-width: 1024px) 100vw, 1024px\" \/><\/a><\/span><\/p>\n<p><span style=\"color: #000000;\">\u00c1lex M\u00e1rquez ha conquistato il miglior piazzamento della sua stagione 2021 con un superbo 4\u00b0 posto al Gran Premio dell&#8217;Algarve. Il pilota della LCR Honda CASTROL ha sostenuto il suo ritmo per tutto il fine settimana e nella gara di domenica \u00e8 stato sfortunato a non raggiungere il podio.<\/span><\/p>\n\n\t\t<style type=\"text\/css\">\n\t\t\t#gallery-2 {\n\t\t\t\tmargin: auto;\n\t\t\t}\n\t\t\t#gallery-2 .gallery-item {\n\t\t\t\tfloat: left;\n\t\t\t\tmargin-top: 10px;\n\t\t\t\ttext-align: center;\n\t\t\t\twidth: 50%;\n\t\t\t}\n\t\t\t#gallery-2 img {\n\t\t\t\tborder: 2px solid #cfcfcf;\n\t\t\t}\n\t\t\t#gallery-2 .gallery-caption {\n\t\t\t\tmargin-left: 0;\n\t\t\t}\n\t\t\t\/* see gallery_shortcode() in wp-includes\/media.php *\/\n\t\t<\/style>\n\t\t<div id='gallery-2' class='gallery galleryid-9636 gallery-columns-2 gallery-size-medium'><dl class='gallery-item'>\n\t\t\t<dt class='gallery-icon portrait'>\n\t\t\t\t<a href='https:\/\/frentubo.it\/wp-content\/uploads\/2021\/11\/alex_marquez_lcr_frentubo_gp_portugal-1.jpeg'><img width=\"225\" height=\"300\" src=\"https:\/\/frentubo.it\/wp-content\/uploads\/2021\/11\/alex_marquez_lcr_frentubo_gp_portugal-1-225x300.jpeg\" class=\"attachment-medium size-medium\" alt=\"\" decoding=\"async\" loading=\"lazy\" srcset=\"https:\/\/frentubo.it\/wp-content\/uploads\/2021\/11\/alex_marquez_lcr_frentubo_gp_portugal-1-225x300.jpeg 225w, https:\/\/frentubo.it\/wp-content\/uploads\/2021\/11\/alex_marquez_lcr_frentubo_gp_portugal-1-768x1024.jpeg 768w, https:\/\/frentubo.it\/wp-content\/uploads\/2021\/11\/alex_marquez_lcr_frentubo_gp_portugal-1.jpeg 1536w\" sizes=\"(max-width: 225px) 100vw, 225px\" \/><\/a>\n\t\t\t<\/dt><\/dl><dl class='gallery-item'>\n\t\t\t<dt class='gallery-icon portrait'>\n\t\t\t\t<a href='https:\/\/frentubo.it\/wp-content\/uploads\/2021\/11\/alex_marquez_lcr_frentubo_gp_portugal-3.jpeg'><img width=\"225\" height=\"300\" src=\"https:\/\/frentubo.it\/wp-content\/uploads\/2021\/11\/alex_marquez_lcr_frentubo_gp_portugal-3-225x300.jpeg\" class=\"attachment-medium size-medium\" alt=\"\" decoding=\"async\" loading=\"lazy\" srcset=\"https:\/\/frentubo.it\/wp-content\/uploads\/2021\/11\/alex_marquez_lcr_frentubo_gp_portugal-3-225x300.jpeg 225w, https:\/\/frentubo.it\/wp-content\/uploads\/2021\/11\/alex_marquez_lcr_frentubo_gp_portugal-3-768x1024.jpeg 768w, https:\/\/frentubo.it\/wp-content\/uploads\/2021\/11\/alex_marquez_lcr_frentubo_gp_portugal-3.jpeg 1536w\" sizes=\"(max-width: 225px) 100vw, 225px\" \/><\/a>\n\t\t\t<\/dt><\/dl><br style=\"clear: both\" \/>\n\t\t<\/div>\n\n<p><span style=\"color: #000000;\">Partito dall&#8217;ottavo posto in griglia, lo spagnolo ha fatto una partenza brillante e poi ha superato il pilota ufficiale della Honda Pol Espargaro per terminare il primo giro al quinto posto. Ben presto ha superato Jorge Martin e Jack Miller per passare al terzo posto e ha mantenuto quella posizione per la maggior parte della gara. Miller \u00e8 tornato in testa a quattro giri dalla fine e \u00c1lex non \u00e8 stato in grado di rispondere poich\u00e9 la bandiera rossa \u00e8 stata sventolata al giro 23 dopo una collisione tra Lecuona e Oliveira.<\/span><\/p>\n<p>&nbsp;<\/p>\n<p style=\"text-align: center;\"><span style=\"color: #000000;\"><a style=\"color: #000000;\" href=\"https:\/\/frentubo.it\/wp-content\/uploads\/2021\/11\/result.jpg\"><img decoding=\"async\" loading=\"lazy\" class=\"aligncenter wp-image-9630 size-full\" src=\"https:\/\/frentubo.it\/wp-content\/uploads\/2021\/11\/result.jpg\" alt=\"\" width=\"600\" height=\"509\" srcset=\"https:\/\/frentubo.it\/wp-content\/uploads\/2021\/11\/result.jpg 600w, https:\/\/frentubo.it\/wp-content\/uploads\/2021\/11\/result-300x255.jpg 300w\" sizes=\"(max-width: 600px) 100vw, 600px\" \/><\/a><\/span><\/p>\n<p><span style=\"color: #000000;\"><a style=\"color: #000000;\" href=\"https:\/\/frentubo.it\/wp-content\/uploads\/2021\/02\/lcr_honda_fren_tubo_sponsorship_2021-2.png\"><img decoding=\"async\" loading=\"lazy\" class=\"aligncenter wp-image-8323 size-large\" src=\"https:\/\/frentubo.it\/wp-content\/uploads\/2021\/02\/lcr_honda_fren_tubo_sponsorship_2021-2-1024x576.png\" alt=\"\" width=\"1024\" height=\"576\" srcset=\"https:\/\/frentubo.it\/wp-content\/uploads\/2021\/02\/lcr_honda_fren_tubo_sponsorship_2021-2-1024x576.png 1024w, https:\/\/frentubo.it\/wp-content\/uploads\/2021\/02\/lcr_honda_fren_tubo_sponsorship_2021-2-300x169.png 300w, https:\/\/frentubo.it\/wp-content\/uploads\/2021\/02\/lcr_honda_fren_tubo_sponsorship_2021-2-768x432.png 768w, https:\/\/frentubo.it\/wp-content\/uploads\/2021\/02\/lcr_honda_fren_tubo_sponsorship_2021-2.png 1538w\" sizes=\"(max-width: 1024px) 100vw, 1024px\" \/><\/a><\/span><\/p>\n","protected":false},"excerpt":{"rendered":"<p>7 Novembre 2021 | GP del Portogallo \u00c1lex M\u00e1rquez \u2013 4\u00b0 &#8220;Sono davvero, davvero felice. Nel complesso, penso che abbiamo fatto benissimo questo fine settimana. Prima di tutto voglio ringraziare la mia squadra perch\u00e9 ha sempre creduto in me e questa \u00e8 la cosa pi\u00f9 importante per un pilota. Risultati come questo ci danno una &hellip;<\/p>\n","protected":false},"author":1,"featured_media":9611,"comment_status":"closed","ping_status":"closed","sticky":false,"template":"","format":"standard","meta":[],"categories":[3,16,7],"tags":[],"_links":{"self":[{"href":"https:\/\/frentubo.it\/it\/wp-json\/wp\/v2\/posts\/9636"}],"collection":[{"href":"https:\/\/frentubo.it\/it\/wp-json\/wp\/v2\/posts"}],"about":[{"href":"https:\/\/frentubo.it\/it\/wp-json\/wp\/v2\/types\/post"}],"author":[{"embeddable":true,"href":"https:\/\/frentubo.it\/it\/wp-json\/wp\/v2\/users\/1"}],"replies":[{"embeddable":true,"href":"https:\/\/frentubo.it\/it\/wp-json\/wp\/v2\/comments?post=9636"}],"version-history":[{"count":2,"href":"https:\/\/frentubo.it\/it\/wp-json\/wp\/v2\/posts\/9636\/revisions"}],"predecessor-version":[{"id":9667,"href":"https:\/\/frentubo.it\/it\/wp-json\/wp\/v2\/posts\/9636\/revisions\/9667"}],"wp:featuredmedia":[{"embeddable":true,"href":"https:\/\/frentubo.it\/it\/wp-json\/wp\/v2\/media\/9611"}],"wp:attachment":[{"href":"https:\/\/frentubo.it\/it\/wp-json\/wp\/v2\/media?parent=9636"}],"wp:term":[{"taxonomy":"category","embeddable":true,"href":"https:\/\/frentubo.it\/it\/wp-json\/wp\/v2\/categories?post=9636"},{"taxonomy":"post_tag","embeddable":true,"href":"https:\/\/frentubo.it\/it\/wp-json\/wp\/v2\/tags?post=9636"}],"curies":[{"name":"wp","href":"https:\/\/api.w.org\/{rel}","templated":true}]}}